{"id":131,"date":"2010-05-12T12:17:40","date_gmt":"2010-05-12T11:17:40","guid":{"rendered":"http:\/\/blognrdb.wordpress.com\/?p=131"},"modified":"2010-05-12T12:17:40","modified_gmt":"2010-05-12T11:17:40","slug":"portrait-pascale-bernet-artketype","status":"publish","type":"post","link":"https:\/\/sublimatio.com\/blog\/portrait-pascale-bernet-artketype\/","title":{"rendered":"Interview : Pascale Bernet, Art&rsquo;K\u00e9type"},"content":{"rendered":"<p><strong><a href=\"http:\/\/blognrdb.files.wordpress.com\/2010\/05\/pascale-bernet-4753c.jpg\"><\/a><\/strong><\/p>\n<p style=\"text-align:center;\"><strong><a href=\"http:\/\/blognrdb.files.wordpress.com\/2010\/05\/pascale-bernet-4753c.jpg\"><\/a><a href=\"http:\/\/blognrdb.files.wordpress.com\/2010\/05\/pascale-bernet-4753web1.jpg\"><\/a><a href=\"http:\/\/blognrdb.files.wordpress.com\/2010\/05\/pascale-bernet-4753c.jpg\"><img loading=\"lazy\" class=\"size-full wp-image-155 aligncenter\" title=\"Pascale Bernet-4753C\" src=\"http:\/\/blognrdb.files.wordpress.com\/2010\/05\/pascale-bernet-4753c.jpg\" alt=\"\" width=\"500\" height=\"231\" srcset=\"https:\/\/sublimatio.com\/blog\/wp-content\/uploads\/pascale-bernet-4753c.jpg 567w, https:\/\/sublimatio.com\/blog\/wp-content\/uploads\/pascale-bernet-4753c-300x139.jpg 300w\" sizes=\"(max-width: 500px) 100vw, 500px\" \/><\/a>Pascale Bernet, fondatrice d&rsquo;Art&rsquo;K\u00e9type, est partenaire de mon exposition du 25 mai au Fouquet&rsquo;s.<\/strong><\/p>\n<p><strong>Pascale, comment est n\u00e9 ton concept Art\u2019k\u00e9type ou l\u2019art sur mesure ?<br \/>\n<\/strong>Apr\u00e8s une exp\u00e9rience professionnelle de plus de 30 ans dans la strat\u00e9gie de communication et dans la cr\u00e9ation visuelle, j\u2019ai d\u00e9cid\u00e9 d\u2019allier mon expertise et mon go\u00fbt pour l\u2019art ; de l\u00e0 m\u2019est venue l\u2019id\u00e9e de cr\u00e9er Art\u2019k\u00e9type.<br \/>\nMon concept est simple : Faire se rencontrer l\u2019\u0153uvre d\u2019art et l\u2019univers de la d\u00e9coration et\/ou de la communication (qu\u2019il soit espace priv\u00e9 ou public). Je mets cette expertise au service d\u2019une cr\u00e9ation artistique sur mesure qui r\u00e9ponde aux besoins de mon client.<\/p>\n<p><strong>Comment vis-tu l\u2019\u00e9cologie dans le cadre de ton activit\u00e9 ?<br \/>\n<\/strong>J\u2019avoue qu\u2019il n\u2019est pas \u00e9vident, a fortiori dans mon domaine, de faire le lien avec une ambition \u00e9cologique.<br \/>\nN\u00e9anmoins, je travaille avec beaucoup d\u2019artistes, qui partagent avec moi ces valeurs. Julien All\u00e8gre, par exemple, cr\u00e9e \u00e0 partir de \u00ab <em>ce bidon ic\u00f4ne du XX\u00e8me qui nous ram\u00e8ne \u00e0 notre condition de consommateur en portant ce r\u00e9bus au rang de l&rsquo;art <\/em>\u00bb. Il a pour particularit\u00e9 de questionner le spectateur sur le r\u00f4le de l&rsquo;art \u00e0 l&rsquo;\u00e9poque de la mondialisation. Il nous parle aussi de sa pr\u00e9occupation\u00a0de l&rsquo;environnement et s&rsquo;attache \u00e0 redonner de la vie \u00e0 ce qui aurait d\u00fb dispara\u00eetre.<br \/>\nD&rsquo;autres artistes choisissent le recyclage : Sylvain Gelinotte utilise l\u2019huile de vidange pour donner une nouvelle dimension \u00e0 ses cr\u00e9ations,\u00a0Patricia Dess cr\u00e9e des meubles fonctionnels \u00e0 partir de mat\u00e9riaux recyclables (cartons) et de peintures \u00e9cologiques.<\/p>\n<p><strong>Qu\u2019est-ce qui t\u2019a donn\u00e9 envie d\u2019\u00eatre mon partenaire pour cette expo ?<br \/>\n<\/strong>Tout d\u2019abord j\u2019aime beaucoup ton travail. J\u2019aime ta fa\u00e7on d\u2019exprimer la quintessence des choses sur lesquelles tu portes ton \u00ab regard photographique \u00bb. V\u00e9ritable r\u00e9v\u00e9lateur de la beaut\u00e9 de la nature, tu nous fais prendre conscience des valeurs essentielles \u00e0 red\u00e9couvrir et \u00e0 respecter.<\/p>\n","protected":false},"excerpt":{"rendered":"<p>Pascale Bernet, fondatrice d&rsquo;Art&rsquo;K\u00e9type, est partenaire de mon exposition du 25 mai au Fouquet&rsquo;s. Pascale, comment est n\u00e9 ton concept Art\u2019k\u00e9type ou l\u2019art sur mesure ? Apr\u00e8s une exp\u00e9rience professionnelle de plus de 30 ans dans la strat\u00e9gie de communication et dans la cr\u00e9ation visuelle, j\u2019ai d\u00e9cid\u00e9 d\u2019allier mon expertise et mon go\u00fbt pour l\u2019art &hellip; <a href=\"https:\/\/sublimatio.com\/blog\/portrait-pascale-bernet-artketype\/\" class=\"more-link\">Continuer la lecture de <span class=\"screen-reader-text\">Interview : Pascale Bernet, Art&rsquo;K\u00e9type<\/span> <span class=\"meta-nav\">&rarr;<\/span><\/a><\/p>\n","protected":false},"author":2,"featured_media":0,"comment_status":"open","ping_status":"open","sticky":false,"template":"","format":"standard","meta":[],"categories":[5,6],"tags":[12,28,30,15,62,73],"_links":{"self":[{"href":"https:\/\/sublimatio.com\/blog\/wp-json\/wp\/v2\/posts\/131"}],"collection":[{"href":"https:\/\/sublimatio.com\/blog\/wp-json\/wp\/v2\/posts"}],"about":[{"href":"https:\/\/sublimatio.com\/blog\/wp-json\/wp\/v2\/types\/post"}],"author":[{"embeddable":true,"href":"https:\/\/sublimatio.com\/blog\/wp-json\/wp\/v2\/users\/2"}],"replies":[{"embeddable":true,"href":"https:\/\/sublimatio.com\/blog\/wp-json\/wp\/v2\/comments?post=131"}],"version-history":[{"count":0,"href":"https:\/\/sublimatio.com\/blog\/wp-json\/wp\/v2\/posts\/131\/revisions"}],"wp:attachment":[{"href":"https:\/\/sublimatio.com\/blog\/wp-json\/wp\/v2\/media?parent=131"}],"wp:term":[{"taxonomy":"category","embeddable":true,"href":"https:\/\/sublimatio.com\/blog\/wp-json\/wp\/v2\/categories?post=131"},{"taxonomy":"post_tag","embeddable":true,"href":"https:\/\/sublimatio.com\/blog\/wp-json\/wp\/v2\/tags?post=131"}],"curies":[{"name":"wp","href":"https:\/\/api.w.org\/{rel}","templated":true}]}}