{"id":138,"date":"2010-05-13T17:25:12","date_gmt":"2010-05-13T16:25:12","guid":{"rendered":"http:\/\/blognrdb.wordpress.com\/?p=138"},"modified":"2010-05-13T17:25:12","modified_gmt":"2010-05-13T16:25:12","slug":"la-vision-de-mon-chien","status":"publish","type":"post","link":"https:\/\/sublimatio.com\/blog\/la-vision-de-mon-chien\/","title":{"rendered":"La vision de mon chien&#8230;."},"content":{"rendered":"<p><a href=\"http:\/\/blognrdb.files.wordpress.com\/2010\/05\/wilf1205-0012-pour-blog.jpg\"><img loading=\"lazy\" class=\"alignnone size-full wp-image-152\" title=\"WILF1205-0012-pour Blog\" src=\"http:\/\/blognrdb.files.wordpress.com\/2010\/05\/wilf1205-0012-pour-blog.jpg\" alt=\"\" width=\"500\" height=\"238\" srcset=\"https:\/\/sublimatio.com\/blog\/wp-content\/uploads\/wilf1205-0012-pour-blog.jpg 567w, https:\/\/sublimatio.com\/blog\/wp-content\/uploads\/wilf1205-0012-pour-blog-300x143.jpg 300w\" sizes=\"(max-width: 500px) 100vw, 500px\" \/><\/a><\/p>\n<p><a href=\"http:\/\/blognrdb.files.wordpress.com\/2010\/05\/wilf1205-0012-pour-blog.jpg\"><\/a>La vision de\u00a0mon chien est \u00e0 environ\u00a015 ans, celle de\u00a0ma g\u00e9n\u00e9ration s&rsquo;\u00e9tend sur encore \u00a060 ans, celle de nos enfants \u00e0 100 ans.<br \/>\nJe vous invite \u00e0 fixer longtemps son regard ; comme moi, vous y verrez probablement la confiance et la question.<br \/>\nSur vous, sur son avenir, sur le v\u00f4tre, donc sur notre responsabilit\u00e9. Comme la Terre, comme nos enfants, il place sa confiance en nous.<br \/>\nLa Terre, elle \u00e9tait l\u00e0 avant, elle sera l\u00e0 apr\u00e8s, elle n&rsquo;en a cure.<br \/>\nMon chien, tant qu&rsquo;il a des croquettes, \u00e7a ira \ud83d\ude09<br \/>\nMais nos enfants ?&#8230;<\/p>\n<p>De l\u00e0 viennent\u00a0les prises de conscience essentielles sur nos responsabilit\u00e9s, et la durabilit\u00e9 de nos d\u00e9veloppements.<br \/>\nJ&rsquo;y apporte mes fleurs&#8230; \ud83d\ude09<\/p>\n","protected":false},"excerpt":{"rendered":"<p>La vision de\u00a0mon chien est \u00e0 environ\u00a015 ans, celle de\u00a0ma g\u00e9n\u00e9ration s&rsquo;\u00e9tend sur encore \u00a060 ans, celle de nos enfants \u00e0 100 ans. Je vous invite \u00e0 fixer longtemps son regard ; comme moi, vous y verrez probablement la confiance et la question. Sur vous, sur son avenir, sur le v\u00f4tre, donc sur notre responsabilit\u00e9. &hellip; <a href=\"https:\/\/sublimatio.com\/blog\/la-vision-de-mon-chien\/\" class=\"more-link\">Continuer la lecture de <span class=\"screen-reader-text\">La vision de mon chien&#8230;.<\/span> <span class=\"meta-nav\">&rarr;<\/span><\/a><\/p>\n","protected":false},"author":2,"featured_media":0,"comment_status":"open","ping_status":"open","sticky":false,"template":"","format":"standard","meta":[],"categories":[7],"tags":[26,32,34,74,81],"_links":{"self":[{"href":"https:\/\/sublimatio.com\/blog\/wp-json\/wp\/v2\/posts\/138"}],"collection":[{"href":"https:\/\/sublimatio.com\/blog\/wp-json\/wp\/v2\/posts"}],"about":[{"href":"https:\/\/sublimatio.com\/blog\/wp-json\/wp\/v2\/types\/post"}],"author":[{"embeddable":true,"href":"https:\/\/sublimatio.com\/blog\/wp-json\/wp\/v2\/users\/2"}],"replies":[{"embeddable":true,"href":"https:\/\/sublimatio.com\/blog\/wp-json\/wp\/v2\/comments?post=138"}],"version-history":[{"count":0,"href":"https:\/\/sublimatio.com\/blog\/wp-json\/wp\/v2\/posts\/138\/revisions"}],"wp:attachment":[{"href":"https:\/\/sublimatio.com\/blog\/wp-json\/wp\/v2\/media?parent=138"}],"wp:term":[{"taxonomy":"category","embeddable":true,"href":"https:\/\/sublimatio.com\/blog\/wp-json\/wp\/v2\/categories?post=138"},{"taxonomy":"post_tag","embeddable":true,"href":"https:\/\/sublimatio.com\/blog\/wp-json\/wp\/v2\/tags?post=138"}],"curies":[{"name":"wp","href":"https:\/\/api.w.org\/{rel}","templated":true}]}}