{"id":140,"date":"2010-05-14T08:25:48","date_gmt":"2010-05-14T07:25:48","guid":{"rendered":"http:\/\/blognrdb.wordpress.com\/?p=140"},"modified":"2010-05-14T08:25:48","modified_gmt":"2010-05-14T07:25:48","slug":"pascal-jarry-passion-nature","status":"publish","type":"post","link":"https:\/\/sublimatio.com\/blog\/pascal-jarry-passion-nature\/","title":{"rendered":"Interview : Pascal Jarry, Passion Nature"},"content":{"rendered":"<p><strong><a href=\"http:\/\/blognrdb.files.wordpress.com\/2010\/05\/pascal-jarry-4715_a5webh.jpg\"><img loading=\"lazy\" class=\"alignnone size-full wp-image-147\" title=\"Pascal Jarry-4715_A5webH\" src=\"http:\/\/blognrdb.files.wordpress.com\/2010\/05\/pascal-jarry-4715_a5webh.jpg\" alt=\"\" width=\"500\" height=\"191\" srcset=\"https:\/\/sublimatio.com\/blog\/wp-content\/uploads\/pascal-jarry-4715_a5webh.jpg 658w, https:\/\/sublimatio.com\/blog\/wp-content\/uploads\/pascal-jarry-4715_a5webh-300x114.jpg 300w\" sizes=\"(max-width: 500px) 100vw, 500px\" \/><\/a><\/strong><\/p>\n<p><strong><a href=\"http:\/\/blognrdb.files.wordpress.com\/2010\/05\/pascal-jarry-4715_a5webh.jpg\"><\/a>Pascal Jarry, Pr\u00e9sident d\u2019ArtePrint, est partenaire de mon exposition du 25 mai au Fouquet\u2019s.<\/strong><\/p>\n<p><strong>Pascal, Passionn\u00e9ment Nature, est-ce que tu peux nous en dire un peu plus, et notamment sur ta vision du D\u00e9veloppement Durable\u00a0appliqu\u00e9e \u00e0 ton entreprise ?<\/strong><br \/>\nBernard Busson et moi-m\u00eame avions d\u00e9j\u00e0 un longue exp\u00e9rience de l\u2019imprimerie et un int\u00e9r\u00eat pour la chose imprim\u00e9e quand nous avons rachet\u00e9 l\u2019imprimerie en 2003 (1,5M\u20ac de CA\/ 9 employ\u00e9s). Peu apr\u00e8s, nous nous sommes aper\u00e7us que le CTP (syst\u00e8me de gravure des plaques par ordinateur) avait besoin d\u2019une s\u00e9rieuse remise aux normes, \u00e0 toutes les normes. De l\u00e0, a d\u00e9marr\u00e9 une sensibilisation sur l\u2019impact social et environnemental de notre activit\u00e9. Cap sur l\u2019avenir, RSE et DD sont devenus un axe de d\u00e9veloppement autour de valeurs auxquelles nous croyons.<br \/>\nLes \u00e9tapes :<br \/>\n&#8211; \u00a0<strong>septembre 2005<\/strong> :\u00a0obtention de la marque \u00ab\u00a0Imprim\u2019vert\u00a0\u00bb (gestion des d\u00e9chets),<br \/>\n&#8211; <strong>2006<\/strong> : utilisation d&rsquo;encres v\u00e9g\u00e9tales pour toutes les impressions,<br \/>\n&#8211; <strong>2007<\/strong> : obtention des certifications PEFC et FSC (programmes de protection et de gestion des for\u00eats), adh\u00e9sion au Pacte Mondial (Global Compact &#8211; favorisant l\u2019\u00e9mergence d\u2019un march\u00e9 mondial plus stable, plus \u00e9quitable, plus ouvert&#8230;),<br \/>\n&#8211; <strong>2008<\/strong> : 38K\u20ac d\u2019investissement pour un bar \u00e0 encres (\u00e9limination des r\u00e9cipients interm\u00e9diaires), Bilan carbone et compensation en adh\u00e9rant au programme Gevalor ( Action Carbone, Fondation GoodPlanet\u00a0de Yann Arthus Bertrand). Nous avons re\u00e7u \u00e0 cette occasion l&rsquo;Eco Troph\u00e9e du 93 cat\u00e9gorie \u00ab\u00a0D\u00e9veloppement Durable\u00a0\u00bb<br \/>\n&#8211; <strong>2009<\/strong> : d\u00e9marche ISO14001 et certification SME niveau 2\/3<br \/>\n&#8211; <strong>2010<\/strong> : en fin d\u2019ann\u00e9e, pour \u00eatre op\u00e9rationnels en 2011, nous mettrons en place un nouveau syst\u00e8me CTP visant \u00e0 diminuer les d\u00e9chets liquides de 50%.<br \/>\nEt l\u2019aventure continue ! Globalement le DD appliqu\u00e9 \u00e0 notre entreprise est un formidable vecteur de croissance et nous permet de rester en coh\u00e9rence avec nous-m\u00eames. C\u2019est pr\u00e9cieux et il ne faut pas s\u2019en priver.<\/p>\n<p><strong>Aujourd\u2019hui, au quotidien, comment cela est v\u00e9cu ?<\/strong><br \/>\nEvidemment, tout cela est all\u00e9 de pair avec un souci de la qualit\u00e9 \u00e0 tous les niveaux sur tous les postes. Nos clients ont bien compris notre d\u00e9marche, le march\u00e9 est maintenant demandeur, les 25 employ\u00e9s nous le rendent bien, ensemble nous r\u00e9alisons 6 M\u20ac de CA, les chiffres parlent d\u2019eux-m\u00eames. En France, nous devons \u00eatre trois entreprises du secteur\u00a0\u00e0 avoir pouss\u00e9 aussi loin la r\u00e9flexion DD et RSE et sa mise en application.<br \/>\n<strong><br \/>\nPeux-tu en dire plus sur notre partenariat ?<\/strong><br \/>\nAu premier abord, il se trouve que nous nous sommes retrouv\u00e9s autour des m\u00eames valeurs. Apr\u00e8s avoir sensibilis\u00e9 nos personnels et notre client\u00e8le au D\u00e9veloppement Durable \u00e0 travers notre d\u00e9marche industrielle, il \u00e9tait naturel de le faire en soutenant ta d\u00e9marche artistique. En imprimant tes cartes (<em>qui seront vendues lors de l&rsquo;exposition au Fouquet&rsquo;s<\/em>), nous sommes fiers de d\u00e9montrer notre savoir-faire et partager avec le public l\u2019\u00e9motion qui se d\u00e9gage de ton travail.<\/p>\n","protected":false},"excerpt":{"rendered":"<p>Pascal Jarry, Pr\u00e9sident d\u2019ArtePrint, est partenaire de mon exposition du 25 mai au Fouquet\u2019s. Pascal, Passionn\u00e9ment Nature, est-ce que tu peux nous en dire un peu plus, et notamment sur ta vision du D\u00e9veloppement Durable\u00a0appliqu\u00e9e \u00e0 ton entreprise ? Bernard Busson et moi-m\u00eame avions d\u00e9j\u00e0 un longue exp\u00e9rience de l\u2019imprimerie et un int\u00e9r\u00eat pour la &hellip; <a href=\"https:\/\/sublimatio.com\/blog\/pascal-jarry-passion-nature\/\" class=\"more-link\">Continuer la lecture de <span class=\"screen-reader-text\">Interview : Pascal Jarry, Passion Nature<\/span> <span class=\"meta-nav\">&rarr;<\/span><\/a><\/p>\n","protected":false},"author":2,"featured_media":0,"comment_status":"open","ping_status":"open","sticky":false,"template":"","format":"standard","meta":[],"categories":[5,6],"tags":[22,32,47,51,52,67],"_links":{"self":[{"href":"https:\/\/sublimatio.com\/blog\/wp-json\/wp\/v2\/posts\/140"}],"collection":[{"href":"https:\/\/sublimatio.com\/blog\/wp-json\/wp\/v2\/posts"}],"about":[{"href":"https:\/\/sublimatio.com\/blog\/wp-json\/wp\/v2\/types\/post"}],"author":[{"embeddable":true,"href":"https:\/\/sublimatio.com\/blog\/wp-json\/wp\/v2\/users\/2"}],"replies":[{"embeddable":true,"href":"https:\/\/sublimatio.com\/blog\/wp-json\/wp\/v2\/comments?post=140"}],"version-history":[{"count":0,"href":"https:\/\/sublimatio.com\/blog\/wp-json\/wp\/v2\/posts\/140\/revisions"}],"wp:attachment":[{"href":"https:\/\/sublimatio.com\/blog\/wp-json\/wp\/v2\/media?parent=140"}],"wp:term":[{"taxonomy":"category","embeddable":true,"href":"https:\/\/sublimatio.com\/blog\/wp-json\/wp\/v2\/categories?post=140"},{"taxonomy":"post_tag","embeddable":true,"href":"https:\/\/sublimatio.com\/blog\/wp-json\/wp\/v2\/tags?post=140"}],"curies":[{"name":"wp","href":"https:\/\/api.w.org\/{rel}","templated":true}]}}