{"id":141,"date":"2010-05-18T08:30:04","date_gmt":"2010-05-18T07:30:04","guid":{"rendered":"http:\/\/blognrdb.wordpress.com\/?p=141"},"modified":"2010-05-18T08:30:04","modified_gmt":"2010-05-18T07:30:04","slug":"jacques-setbon-fondateur-en-1999-de-lagence-de-fab-mecene-de-lexposition","status":"publish","type":"post","link":"https:\/\/sublimatio.com\/blog\/jacques-setbon-fondateur-en-1999-de-lagence-de-fab-mecene-de-lexposition\/","title":{"rendered":"Interview : Jacques Setbon, L\u2019Agence de Fab, m\u00e9c\u00e8ne de l\u2019exposition"},"content":{"rendered":"<p><strong><br \/>\n<a href=\"http:\/\/blognrdb.files.wordpress.com\/2010\/05\/jacques_setbon_agdefab-4679c.jpg\"><img loading=\"lazy\" class=\"size-medium wp-image-142 alignright\" title=\"Jacques_Setbon_AgdeFab-4679C\" src=\"http:\/\/blognrdb.files.wordpress.com\/2010\/05\/jacques_setbon_agdefab-4679c.jpg?w=300\" alt=\"\" width=\"300\" height=\"189\" srcset=\"https:\/\/sublimatio.com\/blog\/wp-content\/uploads\/jacques_setbon_agdefab-4679c.jpg 567w, https:\/\/sublimatio.com\/blog\/wp-content\/uploads\/jacques_setbon_agdefab-4679c-300x189.jpg 300w\" sizes=\"(max-width: 300px) 100vw, 300px\" \/><\/a><\/strong><strong><span style=\"font-weight:normal;\"><em>Alors que j\u2019accroche le Soleil, Jacques d\u00e9croche la Lune (\u00ab\u00a0D\u00e9crocheurs de Lune\u00a0\u00bb, c&rsquo;est le slogan de sa soci\u00e9t\u00e9, l&rsquo;Agence de Fab) ! \u00a0Nous sommes tous deux \u00a0membres du R\u00e9seau de l\u2019Image Num\u00e9rique, initiative de la CCIP 92, \u00a0qui regroupe les professionnels des Hauts de Seine de notre secteur\u00a0d&rsquo;activit\u00e9 autour d\u2019une charte \u00ab\u00e9co-citoyenne\u00bb dont la RSE (Responsabilit\u00e9 Sociale Environnementale) et le D\u00e9veloppement Durable font partie.<br \/>\n<\/em><\/span><\/strong><\/p>\n<div id=\"_mcePaste\"><strong><br \/>\nJacques, explique-nous ton approche du D\u00e9veloppement Durable \u00a0?<\/strong><\/div>\n<div id=\"_mcePaste\"><span style=\"font-weight:normal;\">Dans notre secteur, la r\u00e9volution num\u00e9rique a apport\u00e9 d\u2019\u00e9normes changements de mentalit\u00e9 et de m\u00e9thodes de travail. Pour ma part, travaillant dans l\u2019impression num\u00e9rique, j\u2019ai toujours \u00e9t\u00e9 sensible \u00e0 l\u2019impact de notre activit\u00e9 sur l\u2019environnement. En 2006, nous avons pris le taureau par les cornes, et pour mettre en application les th\u00e9ories, la technologie \u00e9tait au rendez-vous.<\/span><\/div>\n<div id=\"_mcePaste\"><strong><br \/>\nLa route \u00e9tait-elle fleurie ?<\/strong><\/div>\n<div id=\"_mcePaste\"><span style=\"font-weight:normal;\">Il a d\u2019abord fallu convaincre l\u2019\u00e9quipe, m\u00eame si chacun de nous, \u00e0 titre personnel, y \u00e9tait d\u00e9j\u00e0 sensible. Nous avons ensuite \u00ab mis en ligne \u00bb le tout dans une d\u00e9marche \u00e0 la fois de production et commerciale.<\/span><\/div>\n<div id=\"_mcePaste\"><span style=\"font-weight:normal;\">Nos clients, au d\u00e9but, ont \u00e9t\u00e9 curieux, mais maintenant ils sont demandeurs. Economiquement, il n\u2019y a pas trop de diff\u00e9rence, et si on consid\u00e8re le co\u00fbt global d\u2019une op\u00e9ration (montage, d\u00e9montage, retraitement), il y a m\u00eame de vraies \u00e9conomies. Cela devient un argument pour nos clients, en interne comme en externe, parce que leurs salari\u00e9s et leurs propres clients sont sensibles aux bonnes pratiques qu\u2019ils mettent en place.<\/span><\/div>\n<div id=\"_mcePaste\"><strong><br \/>\nTu parlais technologie ?<\/strong><\/div>\n<div id=\"_mcePaste\"><span style=\"font-weight:normal;\">Oui, ce sont des investissements lourds, de vraies d\u00e9cisions. Nous sommes fiers aujourd\u2019hui d\u2019avoir choisi la sublimation thermique. On imprime en Haute D\u00e9finition sur un papier transfert. Le sandwich papier\/tissu passe dans une calandreuse (\u00e0 180\u00b0), les encres \u00e0 base aqueuse (sans solvant, -48% de C02) arrivent \u00e0 un \u00e9tat gazeux (c&rsquo;est la sublimation), les fibres du tissus s\u2019ouvrent, l\u2019encre se transfert DANS les fibres, en refroidissant les fibres se referment retenant l\u2019encre solidifi\u00e9e. Ce qui donne un rendu photographique HD alli\u00e9 \u00e0 une grande r\u00e9sistance m\u00e9canique et temporel. L\u2019ensemble de nos choix nous a permis de d\u00e9poser une marque, le Textile Communicant\u00ae.<br \/>\n<\/span><\/div>\n<div id=\"_mcePaste\"><strong><br \/>\nAs-tu un exemple d\u2019application ?<\/strong><\/div>\n<div id=\"_mcePaste\"><span style=\"font-weight:normal;\">Les portiques magn\u00e9tiques aux entr\u00e9es des magasins, par exemple, sont d&rsquo;excellents supports de communication, dont nos clients renouvellent le visuel r\u00e9guli\u00e8rement. Le tissu, trois fois plus l\u00e9ger qu\u2019une b\u00e2che et plus compact que du carton, voyage dans une simple enveloppe. Le client installe le nouveau visuel, et nous renvoie l\u2019ancien. \u00a0Nous confions ces tissus \u00e0 un atelier prot\u00e9g\u00e9 qui confectionne divers objets. Les derni\u00e8res chutes sont retrait\u00e9es, rien ne se perd, le cycle est complet. Nous avons embauch\u00e9 une personne pour la mise en place de RecTex, fili\u00e8re de recyclage des textiles en collaboration avec le Domaine Emmanuel (ESAT).<\/span><\/div>\n<div id=\"_mcePaste\"><strong><br \/>\nTu es m\u00e9c\u00e8ne de mon exposition dont tu finances l\u2019impression des num\u00e9ros 0 et la sc\u00e9nographie, peux-tu donner les raisons de ton choix ?<\/strong><\/div>\n<div id=\"_mcePaste\"><span style=\"font-weight:normal;\">Parce que je ne voulais pas t\u2019avoir comme client ! <em>(rires).<\/em> Plus s\u00e9rieusement ; l\u2019\u0153uvre artistique est exigeante, c\u2019est un bon exercice pour d\u00e9montrer notre savoir faire. Entre ton travail en haute d\u00e9finition, qui ne pardonne rien \u00e0 la captation et le mien \u00e0 la restitution, dans le principe, nous sublimons tout les deux<em> (rires)<\/em> !<\/span><\/div>\n<div id=\"_mcePaste\"><span style=\"font-weight:normal;\">Et sur les valeurs, les th\u00e8mes abord\u00e9s, ta vision positive, l\u2019esth\u00e9tique\u2026 Tout cela nous parle. Nous sommes coh\u00e9rents, d\u2019ailleurs nous sommes \u00e9galement partenaires du Festival International de l\u2019Image Environnementale en Arles (FIIE).<\/span><\/div>\n<p><span style=\"font-weight:normal;\"><strong>Merci Jacques !<\/strong><\/span><\/p>\n<p><span style=\"font-weight:normal;\"><em><strong>Quelques informations suppl\u00e9mentaires sur L\u2019Agence de Fab (20 salari\u00e9s), ses engagements :<\/strong> <strong>D\u00e9marche RSE<\/strong> initi\u00e9e en 2006, <strong>Imprim\u2019Vert<\/strong> depuis 2008, <strong>Iso 14001<\/strong> en cours, <strong>Bilan Carbone<\/strong> 2008 et <strong>certification ADEME<\/strong>, Partenaires des associations <strong>El Boun <\/strong>et <strong>Le Geste Environnemental<\/strong>, recyclage des b\u00e2ches PVC par une participation active au programme <strong>Texyloo<\/strong><strong>p<\/strong><\/em><em>. 2010 : Mise en place de <strong>RecTex<\/strong>. <\/em><\/span><span style=\"font-weight:normal;\"><em>Membre imminent de <\/em><\/span><em>1% pour la plan\u00e8te<\/em><\/p>\n","protected":false},"excerpt":{"rendered":"<p>Alors que j\u2019accroche le Soleil, Jacques d\u00e9croche la Lune (\u00ab\u00a0D\u00e9crocheurs de Lune\u00a0\u00bb, c&rsquo;est le slogan de sa soci\u00e9t\u00e9, l&rsquo;Agence de Fab) ! \u00a0Nous sommes tous deux \u00a0membres du R\u00e9seau de l\u2019Image Num\u00e9rique, initiative de la CCIP 92, \u00a0qui regroupe les professionnels des Hauts de Seine de notre secteur\u00a0d&rsquo;activit\u00e9 autour d\u2019une charte \u00ab\u00e9co-citoyenne\u00bb dont la RSE &hellip; <a href=\"https:\/\/sublimatio.com\/blog\/jacques-setbon-fondateur-en-1999-de-lagence-de-fab-mecene-de-lexposition\/\" class=\"more-link\">Continuer la lecture de <span class=\"screen-reader-text\">Interview : Jacques Setbon, L\u2019Agence de Fab, m\u00e9c\u00e8ne de l\u2019exposition<\/span> <span class=\"meta-nav\">&rarr;<\/span><\/a><\/p>\n","protected":false},"author":2,"featured_media":0,"comment_status":"open","ping_status":"open","sticky":false,"template":"","format":"standard","meta":[],"categories":[5,6],"tags":[32,35,72,75,79],"_links":{"self":[{"href":"https:\/\/sublimatio.com\/blog\/wp-json\/wp\/v2\/posts\/141"}],"collection":[{"href":"https:\/\/sublimatio.com\/blog\/wp-json\/wp\/v2\/posts"}],"about":[{"href":"https:\/\/sublimatio.com\/blog\/wp-json\/wp\/v2\/types\/post"}],"author":[{"embeddable":true,"href":"https:\/\/sublimatio.com\/blog\/wp-json\/wp\/v2\/users\/2"}],"replies":[{"embeddable":true,"href":"https:\/\/sublimatio.com\/blog\/wp-json\/wp\/v2\/comments?post=141"}],"version-history":[{"count":0,"href":"https:\/\/sublimatio.com\/blog\/wp-json\/wp\/v2\/posts\/141\/revisions"}],"wp:attachment":[{"href":"https:\/\/sublimatio.com\/blog\/wp-json\/wp\/v2\/media?parent=141"}],"wp:term":[{"taxonomy":"category","embeddable":true,"href":"https:\/\/sublimatio.com\/blog\/wp-json\/wp\/v2\/categories?post=141"},{"taxonomy":"post_tag","embeddable":true,"href":"https:\/\/sublimatio.com\/blog\/wp-json\/wp\/v2\/tags?post=141"}],"curies":[{"name":"wp","href":"https:\/\/api.w.org\/{rel}","templated":true}]}}