{"id":254,"date":"2010-05-20T07:30:29","date_gmt":"2010-05-20T05:30:29","guid":{"rendered":"http:\/\/blognrdb.wordpress.com\/?p=254"},"modified":"2010-05-20T07:30:29","modified_gmt":"2010-05-20T05:30:29","slug":"interview-michel-soyer-marquise-events-organisateur-des-fouquets-tuesdays","status":"publish","type":"post","link":"https:\/\/sublimatio.com\/blog\/interview-michel-soyer-marquise-events-organisateur-des-fouquets-tuesdays\/","title":{"rendered":"Interview : Michel Soyer, Marquise Events, organisateur des Fouquet&rsquo;s Tuesdays"},"content":{"rendered":"<p><a href=\"http:\/\/blognrdb.files.wordpress.com\/2010\/05\/soyer31.jpg\"><img loading=\"lazy\" class=\"alignnone size-full wp-image-257\" title=\"Soyer3\" src=\"http:\/\/blognrdb.files.wordpress.com\/2010\/05\/soyer31.jpg\" alt=\"\" width=\"500\" height=\"224\" srcset=\"https:\/\/sublimatio.com\/blog\/wp-content\/uploads\/soyer31.jpg 2362w, https:\/\/sublimatio.com\/blog\/wp-content\/uploads\/soyer31-300x134.jpg 300w, https:\/\/sublimatio.com\/blog\/wp-content\/uploads\/soyer31-1024x460.jpg 1024w, https:\/\/sublimatio.com\/blog\/wp-content\/uploads\/soyer31-604x270.jpg 604w\" sizes=\"(max-width: 500px) 100vw, 500px\" \/><\/a><\/p>\n<p style=\"text-align:left;\"><a href=\"http:\/\/blognrdb.files.wordpress.com\/2010\/05\/soyer31.jpg\"><\/a><strong>Michel Soyer, vous accueillez mon exposition au Fouquet&rsquo;s le 25, pourriez-vous nous dire quelques mots sur Marquise Event et votre aventure avec ce prestigieux \u00e9tablissement ?<br \/>\n<\/strong>La direction du Fouquet&rsquo;s souhaitait faire red\u00e9couvrir aux Parisiens ce lieu mythique et monument historique class\u00e9. Nous avons propos\u00e9 de remettre au go\u00fbt du jour le \u00ab\u00a0caf\u00e9 society\u00a0\u00bb des ann\u00e9es 30. Ces caf\u00e9s litt\u00e9raires o\u00f9 les artistes de toutes disciplines venaient pr\u00e9senter leurs \u0153uvres et rencontrer le public simplement. Tout le monde peut pousser la porte, l&rsquo;entr\u00e9e est gratuite et les consommations ne sont pas obligatoires. Plaisir des yeux et \u00e9changes informels avec\u00a0les artistes (peintres, \u00e9crivains, sculpteurs, photographes&#8230;), les amateurs d&rsquo;art et les habitu\u00e9s des lieux. Melting pot artistique, au c\u0153ur de la plus belle avenue du monde,\u00a0\u00a0le \u00a0Fouquet&rsquo;s \u00a0participe \u00e0 la vie \u00a0parisienne par la diversit\u00e9 des expressions qu&rsquo;il r\u00e9v\u00e8le.<\/p>\n<p style=\"text-align:left;\"><strong>Marquise Event \u00a0travaille \u00e0 faire conna\u00eetre les pays de l&rsquo;Est et leurs cultures.\u00a0Quelle est la raison de votre implication et les \u00e9v\u00e9nements \u00e0 venir dans ce cadre ?<br \/>\n<\/strong>Depuis 20 ans Marquise Events organise des \u00e9v\u00e9nements haut de gamme\u00a0et des\u00a0soir\u00e9es de prestige \u00a0pour des grands comptes, des institutions et notamment des ambassades.<br \/>\nPar affinit\u00e9, je me suis pench\u00e9 sur l&rsquo;histoire et la culture \u00a0des pays de l&rsquo;ex bloc sovi\u00e9tique qui sont d&rsquo;une grande richesse. Il y a aussi de leur c\u00f4t\u00e9 un grand d\u00e9sir de culture fran\u00e7aise. Il y avait donc un pont \u00e0 reb\u00e2tir. Chaque ann\u00e9e un pays est \u00e0 l&rsquo;honneur, cette ann\u00e9e la Serbie et la G\u00e9orgie. La jeunesse de ces pays veut se tourner r\u00e9solument vers l&rsquo;avenir. L\u00a0\u00bbart contemporain, la mode, le cin\u00e9ma mais aussi une production \u00e0 forte valeur ajout\u00e9e, nous aident dans cette t\u00e2che de reconnaissance mutuelle.<\/p>\n<p><strong>Qu&rsquo;est-ce qui vous \u00e0 pouss\u00e9 \u00e0 choisir mon travail pour le 25 mai ?<br \/>\n<\/strong>Mise \u00e0 part la qualit\u00e9 des images que vous m&rsquo;avez pr\u00e9sent\u00e9es, votre th\u00e8me \u00ab\u00a0Le V\u00e9g\u00e9tal sublim\u00e9\u00a0\u00bb est en parfaite r\u00e9sonance avec l&rsquo;actualit\u00e9 des Champs Elys\u00e9es. Votre exposition intervient\u00a0comme un point final \u00e0 ce grand week-end v\u00e9g\u00e9tal, une conclusion\u00a0effervescente\u00a0et positive. C&rsquo;est ce qui ce d\u00e9gage de votre travail, vous nous faites aimer les fleurs et donnez envie de prot\u00e9ger les champs !<\/p>\n","protected":false},"excerpt":{"rendered":"<p>Michel Soyer, vous accueillez mon exposition au Fouquet&rsquo;s le 25, pourriez-vous nous dire quelques mots sur Marquise Event et votre aventure avec ce prestigieux \u00e9tablissement ? La direction du Fouquet&rsquo;s souhaitait faire red\u00e9couvrir aux Parisiens ce lieu mythique et monument historique class\u00e9. Nous avons propos\u00e9 de remettre au go\u00fbt du jour le \u00ab\u00a0caf\u00e9 society\u00a0\u00bb des &hellip; <a href=\"https:\/\/sublimatio.com\/blog\/interview-michel-soyer-marquise-events-organisateur-des-fouquets-tuesdays\/\" class=\"more-link\">Continuer la lecture de <span class=\"screen-reader-text\">Interview : Michel Soyer, Marquise Events, organisateur des Fouquet&rsquo;s Tuesdays<\/span> <span class=\"meta-nav\">&rarr;<\/span><\/a><\/p>\n","protected":false},"author":2,"featured_media":0,"comment_status":"open","ping_status":"open","sticky":false,"template":"","format":"standard","meta":[],"categories":[5,6],"tags":[37],"_links":{"self":[{"href":"https:\/\/sublimatio.com\/blog\/wp-json\/wp\/v2\/posts\/254"}],"collection":[{"href":"https:\/\/sublimatio.com\/blog\/wp-json\/wp\/v2\/posts"}],"about":[{"href":"https:\/\/sublimatio.com\/blog\/wp-json\/wp\/v2\/types\/post"}],"author":[{"embeddable":true,"href":"https:\/\/sublimatio.com\/blog\/wp-json\/wp\/v2\/users\/2"}],"replies":[{"embeddable":true,"href":"https:\/\/sublimatio.com\/blog\/wp-json\/wp\/v2\/comments?post=254"}],"version-history":[{"count":0,"href":"https:\/\/sublimatio.com\/blog\/wp-json\/wp\/v2\/posts\/254\/revisions"}],"wp:attachment":[{"href":"https:\/\/sublimatio.com\/blog\/wp-json\/wp\/v2\/media?parent=254"}],"wp:term":[{"taxonomy":"category","embeddable":true,"href":"https:\/\/sublimatio.com\/blog\/wp-json\/wp\/v2\/categories?post=254"},{"taxonomy":"post_tag","embeddable":true,"href":"https:\/\/sublimatio.com\/blog\/wp-json\/wp\/v2\/tags?post=254"}],"curies":[{"name":"wp","href":"https:\/\/api.w.org\/{rel}","templated":true}]}}