{"id":265,"date":"2010-05-21T09:06:21","date_gmt":"2010-05-21T07:06:21","guid":{"rendered":"http:\/\/blognrdb.wordpress.com\/?p=265"},"modified":"2010-05-21T09:06:21","modified_gmt":"2010-05-21T07:06:21","slug":"interview-didier-sejourne-canon-france-chef-de-produits-marche-arts-graphiques-dept-mktg-produits-pro","status":"publish","type":"post","link":"https:\/\/sublimatio.com\/blog\/interview-didier-sejourne-canon-france-chef-de-produits-marche-arts-graphiques-dept-mktg-produits-pro\/","title":{"rendered":"Interview : Didier S\u00e9journ\u00e9, Canon France"},"content":{"rendered":"<p style=\"text-align:left;\"><strong>\u00a0<\/strong><\/p>\n<p style=\"text-align:left;\"><strong><a href=\"http:\/\/blognrdb.files.wordpress.com\/2010\/05\/didier-sejourne-4855-23.jpg\"><img loading=\"lazy\" class=\"alignleft size-full wp-image-281\" title=\"Didier S\u00e9journ\u00e9-4855-2\" src=\"http:\/\/blognrdb.files.wordpress.com\/2010\/05\/didier-sejourne-4855-23.jpg\" alt=\"\" width=\"238\" height=\"273\" srcset=\"https:\/\/sublimatio.com\/blog\/wp-content\/uploads\/didier-sejourne-4855-23.jpg 425w, https:\/\/sublimatio.com\/blog\/wp-content\/uploads\/didier-sejourne-4855-23-261x300.jpg 261w\" sizes=\"(max-width: 238px) 100vw, 238px\" \/><\/a>\u00ab\u00a0Kyosei\u00a0\u00bb, c&rsquo;est la philosophie du groupe Canon dont le D\u00e9veloppement Durable est une composante essentielle, d<\/strong><strong>e la conception jusqu&rsquo;\u00e0 la fin de vie des produits.<\/strong><\/p>\n<p style=\"text-align:left;\"><strong>La norme 14001\u00a0\u00a0et le partenariat depuis 1998 avec le WWF t\u00e9moignent de la pr\u00e9occupation environnementale de Canon.<\/strong><strong><br \/>\n<\/strong><strong>Ce pr\u00e9ambule pour expliquer que Canon, pour moi, \u00a0n&rsquo;est pas seulement et naturellement un partenaire technique : nous nous retrouvons sur des valeurs communes.\u00a0\u00a0Didier S\u00e9journ\u00e9, Chef de Produits &#8211; March\u00e9 Arts Graphiques (au sein du\u00a0D\u00e9partement Marketing Produits Pro) qui, avec Jean-Jacques Archambault, a \u00e9t\u00e9 extr\u00eamement r\u00e9actif sur mon projet.\u00a0 Je les en remercie !\u00a0\u00a0 <\/strong><\/p>\n<p><span style=\"font-weight:normal;\"><strong>Didier, vous avez une longue exp\u00e9rience de l&rsquo;impression jet d&rsquo;encre, pourriez-vous nous faire un point sur cette technologie ?<\/p>\n<p><\/strong><\/span><strong><span style=\"font-weight:normal;\">Il faut rappeler que Canon est l&rsquo;inventeur de la technologie jet d&rsquo;encre, technologie \u00e0 maturit\u00e9 depuis 2004, pour fournir des tirages de qualit\u00e9 \u00ab\u00a0art graphique\u00a0\u00bb. Depuis, de g\u00e9n\u00e9ration en g\u00e9n\u00e9ration, la qualit\u00e9 s&rsquo;am\u00e9liore avec un \u00e9largissement permanent de \u00a0la gamme de couleurs retranscrites. Cela apporte des couleurs plus profondes, des d\u00e9grad\u00e9s plus fins, une gamme de gris plus large pour des images noir et blanc\u00a0tr\u00e8s riches, aux noirs plus intenses, et des images couleurs nuanc\u00e9es. Avec notre derni\u00e8re g\u00e9n\u00e9ration de machines, la gamme des couleurs est \u00e9tendue de plus de 20 % par rapport aux mod\u00e8les pr\u00e9c\u00e9dents, c&rsquo;est \u00e9norme.<\/span><\/strong><\/p>\n<p><strong>Quand on pense beaux arts, on pense\u00a0p\u00e9rennit\u00e9, pouvez-vous garantir \u00a0la long\u00e9vit\u00e9 de vos tirages ?<\/p>\n<p><\/strong>Aucun fabricant ne peut garantir une \u00ab\u00a0dur\u00e9e de vie\u00a0\u00bb d&rsquo;un tirage. Trop de param\u00e8tres entrent en ligne de compte. Cependant, les tests effectu\u00e9s sur nos produits par des laboratoires ind\u00e9pendants estiment la dur\u00e9e de vie d&rsquo;une impression de 80 ans \u00e0 beaucoup plus, en fonction des conditions de stockage. Nous sommes donc pleinement \u00e9ligibles aux tirages beaux arts. Mais si vous me parlez de p\u00e9rennit\u00e9, sachez que nous pensons aussi \u00e0 la plan\u00e8te :\u00a0nos nouveaux syst\u00e8mes sont plus \u00e9conomes en encre et en emballage.<\/p>\n<p><strong>Vos imprimantes ne donnent le meilleur qu&rsquo;avec le papier Canon ?<\/p>\n<p><\/strong>Non, le choix d&rsquo;un papier est tr\u00e8s personnel pour un artiste, puisque cela a une incidence directe sur le rendu. Chez Canon, dans notre gamme beaux arts, nous avons un mat lisse de 250gr, dont vos invit\u00e9s pourront appr\u00e9cier le rendu le 25 mai, puisque vous l&rsquo;avez choisi pour vos tirages A1. Tir\u00e9s sur notre derni\u00e8re g\u00e9n\u00e9ration de machine commercialis\u00e9e depuis avril, c&rsquo;est tout nouveau. Mais tous les papiers beaux arts, comme le Hahnem\u00fchle que vous utilisez pour vos \u00a0formats A2, fonctionnent parfaitement.<\/p>\n<p><strong>Qu&rsquo;est-ce qui vous a incit\u00e9 \u00e0 devenir partenaire pour l&rsquo;exposition du 25 mai ?<\/p>\n<p><\/strong><strong><span style=\"font-weight:normal;\">La qualit\u00e9 des tirages que vous nous avez pr\u00e9sent\u00e9s, qui montrent une ma\u00eetrise de la post production. Des fichiers bien pr\u00e9par\u00e9s constituent un excellent exercice pour nos nouvelles machines. Le th\u00e8me abord\u00e9 rejoint notre philosophie, le moment est bien\u00a0choisi, tout cela est coh\u00e9rent&#8230; Je ne vous parle pas du c\u00f4t\u00e9 artistique qui ressort, mais c&rsquo;est certainement parce que vous utilisez un appareil Canon pour la prise de vue ! (rires )<\/span><\/strong><\/p>\n<p><strong><span style=\"font-weight:normal;\"><br \/>\n<\/span><\/strong><\/p>\n","protected":false},"excerpt":{"rendered":"<p>\u00a0 \u00ab\u00a0Kyosei\u00a0\u00bb, c&rsquo;est la philosophie du groupe Canon dont le D\u00e9veloppement Durable est une composante essentielle, de la conception jusqu&rsquo;\u00e0 la fin de vie des produits. La norme 14001\u00a0\u00a0et le partenariat depuis 1998 avec le WWF t\u00e9moignent de la pr\u00e9occupation environnementale de Canon. Ce pr\u00e9ambule pour expliquer que Canon, pour moi, \u00a0n&rsquo;est pas seulement et &hellip; <a href=\"https:\/\/sublimatio.com\/blog\/interview-didier-sejourne-canon-france-chef-de-produits-marche-arts-graphiques-dept-mktg-produits-pro\/\" class=\"more-link\">Continuer la lecture de <span class=\"screen-reader-text\">Interview : Didier S\u00e9journ\u00e9, Canon France<\/span> <span class=\"meta-nav\">&rarr;<\/span><\/a><\/p>\n","protected":false},"author":2,"featured_media":0,"comment_status":"open","ping_status":"open","sticky":false,"template":"","format":"standard","meta":[],"categories":[5,6],"tags":[20,32,54,80,83],"_links":{"self":[{"href":"https:\/\/sublimatio.com\/blog\/wp-json\/wp\/v2\/posts\/265"}],"collection":[{"href":"https:\/\/sublimatio.com\/blog\/wp-json\/wp\/v2\/posts"}],"about":[{"href":"https:\/\/sublimatio.com\/blog\/wp-json\/wp\/v2\/types\/post"}],"author":[{"embeddable":true,"href":"https:\/\/sublimatio.com\/blog\/wp-json\/wp\/v2\/users\/2"}],"replies":[{"embeddable":true,"href":"https:\/\/sublimatio.com\/blog\/wp-json\/wp\/v2\/comments?post=265"}],"version-history":[{"count":0,"href":"https:\/\/sublimatio.com\/blog\/wp-json\/wp\/v2\/posts\/265\/revisions"}],"wp:attachment":[{"href":"https:\/\/sublimatio.com\/blog\/wp-json\/wp\/v2\/media?parent=265"}],"wp:term":[{"taxonomy":"category","embeddable":true,"href":"https:\/\/sublimatio.com\/blog\/wp-json\/wp\/v2\/categories?post=265"},{"taxonomy":"post_tag","embeddable":true,"href":"https:\/\/sublimatio.com\/blog\/wp-json\/wp\/v2\/tags?post=265"}],"curies":[{"name":"wp","href":"https:\/\/api.w.org\/{rel}","templated":true}]}}