{"id":363,"date":"2010-05-31T07:10:33","date_gmt":"2010-05-31T05:10:33","guid":{"rendered":"http:\/\/blognrdb.wordpress.com\/?p=363"},"modified":"2010-05-31T07:10:33","modified_gmt":"2010-05-31T05:10:33","slug":"interview-jeremy-fain-verteego-partenaire-de-lexposition","status":"publish","type":"post","link":"https:\/\/sublimatio.com\/blog\/interview-jeremy-fain-verteego-partenaire-de-lexposition\/","title":{"rendered":"Interview : Jeremy Fain, Verteego, partenaire de l&rsquo;exposition"},"content":{"rendered":"<p><strong>Jeremy, pouvez-vous nous expliquer en quelques mots l&rsquo;activit\u00e9 de Verteego ?<br \/>\n<\/strong><a href=\"http:\/\/www.verteego.com\/\">Verteego<\/a> \u00e9dite des applications de gestion environnementale \u00e0 destination des entreprises et des collectivit\u00e9s. Notre vision est que les organisations vont d&rsquo;ici peu, sous la pression de leurs parties prenantes, notamment leurs clients et concurrents, devoir piloter leur performance environnementale avec le m\u00eame professionnalisme qu&rsquo;elles g\u00e8rent d\u00e9j\u00e0 depuis des ann\u00e9es leur performance financi\u00e8re. Pour ce faire, nous disposons de deux simples et tr\u00e8s puissantes applications en ligne : l&rsquo;une pour permettre aux entreprises de mesurer et suivre dans le temps leurs \u00e9missions de gaz \u00e0 effet de serre, l&rsquo;autre pour aider les industriels et distributeurs \u00e0 assurer la tra\u00e7abilit\u00e9 des substances chimiques pr\u00e9occupantes pr\u00e9sentes dans leur cha\u00eene d&rsquo;approvisionnement afin de se conformer \u00e0 la r\u00e9glementation REACH.<br \/>\nGlobalement, Verteego aide les entreprises \u00e0 se mettre en conformit\u00e9, \u00e0 se diff\u00e9rencier de leurs concurrents pour conqu\u00e9rir de nouveaux march\u00e9s, et \u00e0 r\u00e9duire leurs co\u00fbts d&rsquo;exploitation et leurs risques.<\/p>\n<p>Verteego, ce sont des produits, mais aussi et surtout une \u00e9quipe et des valeurs, parmi lesquelles l&rsquo;innovation, le professionnalisme, et la conviction que pour construire une \u00e9conomie plus durable il faut changer les indicateurs d&rsquo;\u00e9valuation de la performance, qui sur-pond\u00e8rent les profits imm\u00e9diats \u00e0 la qualit\u00e9 de la relation et la pr\u00e9servation des ressources naturelles. C&rsquo;est bien s\u00fbr plus compliqu\u00e9 \u00e0 dire qu&rsquo;\u00e0 faire, mais globalement l&rsquo;on constate chaque jour que les crit\u00e8res Green et Sustainable prennent une importance accrue dans l&rsquo;\u00e9conomie mondiale.<\/p>\n<p><strong>Pour quelles raisons soutenez-vous mon exposition\u00a0?<br \/>\n<\/strong>Pour mille raisons ! et en voici dans le d\u00e9sordre l&rsquo;inventaire \u00ab\u00a0\u00e0 la Pr\u00e9vert\u00a0\u00bb:<br \/>\n&#8211;\u00a0Vous mettez\u00a0en valeur, en forme, en lumi\u00e8re dans vos oeuvres des v\u00e9g\u00e9taux, qui sont un symbole de vitalit\u00e9 naturelle et d&rsquo;optimisme : un v\u00e9g\u00e9tal est un organisme vivant comme un autre, fragile mais r\u00e9silient, qui doit \u00eatre aim\u00e9, aid\u00e9, prot\u00e9g\u00e9.\u00a0Vous contribuez par votre exposition \u00ab\u00a0Le V\u00e9g\u00e9tal Sublim\u00e9\u00a0\u00bb \u00e0 sensibiliser le public \u00e0 l&rsquo;extraordinaire beaut\u00e9 et richesse de la nature, \u00e0 l&rsquo;importance de la pr\u00e9server, de la respecter, de s&rsquo;en entourer, plut\u00f4t que se confronter \u00e0 elle dans nos activit\u00e9s humaines;<br \/>\n&#8211; c&rsquo;est tr\u00e8s personnel, mais j&rsquo;ai trouv\u00e9\u00a0vos photographies magnifiques, tout simplement;<br \/>\n&#8211; on a vu que quelqu&rsquo;un comme <a href=\"http:\/\/www.lagencedefab.com\/\">Jacques Setbon, de l&rsquo;Agence de Fab&rsquo; <\/a>et du <a href=\"http:\/\/www.legesteenvironnemental.com\/\">Geste Environnemental<\/a>, \u00e9tait partenaire, et c&rsquo;est un sacr\u00e9 tampon de s\u00e9rieux car Jacques et son associ\u00e9 Vincent sont des gens dot\u00e9s d&rsquo;une \u00e9thique et de convictions sans faille;<br \/>\n&#8211; <a href=\"http:\/\/www.reseau-image.com\/\">Le R\u00e9seau de l&rsquo;Image<\/a>, anim\u00e9 par la tr\u00e8s dynamique et sympathique Christine Sadrin, est le groupement de professionnels de l&rsquo;\u00e9v\u00e9nementiel durable le plus dynamique en France et est partenaire de l&rsquo;\u00e9v\u00e9nement: ce qui est \u00e0 la fois un gage d&rsquo;\u00e9co-conception pour ce dernier, et de qualit\u00e9 de networking pour les invit\u00e9s;<br \/>\n&#8211; l&rsquo;h\u00f4tel (mitoyen) Fouquet&rsquo;s Barri\u00e8re a mis en oeuvre une v\u00e9ritable politique de d\u00e9veloppement durable, en la personne de son DAF J\u00e9r\u00f4me Schehr que j&rsquo;ai eu le plaisir de rencontrer \u00e0 l&rsquo;Agora des Directeurs du D\u00e9veloppement Durable, qu&rsquo;il pr\u00e9side. Il a une vraie vision co\u00fbts \/ b\u00e9n\u00e9fices pour l&rsquo;h\u00f4tellerie de luxe, et fut accompagn\u00e9 par <a href=\"http:\/\/www.francoistourismeconsultants.com\/\">Fran\u00e7ois Tourisme Consultants<\/a>, d\u00e9finitivement le meilleur cabinet d&rsquo;accompagnement pour le secteur.<\/p>\n<p>Merci Jeremy !<\/p>\n","protected":false},"excerpt":{"rendered":"<p>Jeremy, pouvez-vous nous expliquer en quelques mots l&rsquo;activit\u00e9 de Verteego ? Verteego \u00e9dite des applications de gestion environnementale \u00e0 destination des entreprises et des collectivit\u00e9s. Notre vision est que les organisations vont d&rsquo;ici peu, sous la pression de leurs parties prenantes, notamment leurs clients et concurrents, devoir piloter leur performance environnementale avec le m\u00eame professionnalisme &hellip; <a href=\"https:\/\/sublimatio.com\/blog\/interview-jeremy-fain-verteego-partenaire-de-lexposition\/\" class=\"more-link\">Continuer la lecture de <span class=\"screen-reader-text\">Interview : Jeremy Fain, Verteego, partenaire de l&rsquo;exposition<\/span> <span class=\"meta-nav\">&rarr;<\/span><\/a><\/p>\n","protected":false},"author":2,"featured_media":0,"comment_status":"open","ping_status":"open","sticky":false,"template":"","format":"standard","meta":[],"categories":[5,6],"tags":[32],"_links":{"self":[{"href":"https:\/\/sublimatio.com\/blog\/wp-json\/wp\/v2\/posts\/363"}],"collection":[{"href":"https:\/\/sublimatio.com\/blog\/wp-json\/wp\/v2\/posts"}],"about":[{"href":"https:\/\/sublimatio.com\/blog\/wp-json\/wp\/v2\/types\/post"}],"author":[{"embeddable":true,"href":"https:\/\/sublimatio.com\/blog\/wp-json\/wp\/v2\/users\/2"}],"replies":[{"embeddable":true,"href":"https:\/\/sublimatio.com\/blog\/wp-json\/wp\/v2\/comments?post=363"}],"version-history":[{"count":0,"href":"https:\/\/sublimatio.com\/blog\/wp-json\/wp\/v2\/posts\/363\/revisions"}],"wp:attachment":[{"href":"https:\/\/sublimatio.com\/blog\/wp-json\/wp\/v2\/media?parent=363"}],"wp:term":[{"taxonomy":"category","embeddable":true,"href":"https:\/\/sublimatio.com\/blog\/wp-json\/wp\/v2\/categories?post=363"},{"taxonomy":"post_tag","embeddable":true,"href":"https:\/\/sublimatio.com\/blog\/wp-json\/wp\/v2\/tags?post=363"}],"curies":[{"name":"wp","href":"https:\/\/api.w.org\/{rel}","templated":true}]}}