{"id":396,"date":"2010-05-28T09:02:15","date_gmt":"2010-05-28T07:02:15","guid":{"rendered":"http:\/\/blognrdb.wordpress.com\/?p=396"},"modified":"2010-05-28T09:02:15","modified_gmt":"2010-05-28T07:02:15","slug":"breve-de-vernissage","status":"publish","type":"post","link":"https:\/\/sublimatio.com\/blog\/breve-de-vernissage\/","title":{"rendered":"Br\u00e8ve de vernissage&#8230;"},"content":{"rendered":"<p><strong><a href=\"http:\/\/blognrdb.files.wordpress.com\/2010\/05\/olivier-perrot1.jpg\"><img loading=\"lazy\" class=\"alignnone size-full wp-image-398\" title=\"Olivier Perrot\" src=\"http:\/\/blognrdb.files.wordpress.com\/2010\/05\/olivier-perrot1.jpg\" alt=\"\" width=\"500\" height=\"175\" srcset=\"https:\/\/sublimatio.com\/blog\/wp-content\/uploads\/olivier-perrot1.jpg 1319w, https:\/\/sublimatio.com\/blog\/wp-content\/uploads\/olivier-perrot1-300x105.jpg 300w, https:\/\/sublimatio.com\/blog\/wp-content\/uploads\/olivier-perrot1-1024x358.jpg 1024w\" sizes=\"(max-width: 500px) 100vw, 500px\" \/><\/a><\/strong><\/p>\n<p><strong><a href=\"http:\/\/blognrdb.files.wordpress.com\/2010\/05\/olivier-perrot1.jpg\"><\/a>Olivier Perrot, photographe : <\/strong>\u00ab\u00a0<em>Je demeure convaincu, comme Dosto\u00efevski, que \u00ab\u00a0seule la beaut\u00e9 sauvera le monde<\/em>\u00ab\u00a0. <em>C&rsquo;est notamment ainsi je pense que l&rsquo;on prendra soin de notre environnement<\/em>.\u00a0\u00bb<\/p>\n<p>Je ne serais donc pas le seul \u00e0 le penser ! \u00a0Je ne connaissais pas Olivier avant le 25 ; magie des rencontres et du partage des id\u00e9es. Nous avons parl\u00e9 un peu et regard\u00e9 beaucoup.<\/p>\n<p>A d\u00e9couvrir : www.photographe-perrot.com<\/p>\n","protected":false},"excerpt":{"rendered":"<p>Olivier Perrot, photographe : \u00ab\u00a0Je demeure convaincu, comme Dosto\u00efevski, que \u00ab\u00a0seule la beaut\u00e9 sauvera le monde\u00ab\u00a0. C&rsquo;est notamment ainsi je pense que l&rsquo;on prendra soin de notre environnement.\u00a0\u00bb Je ne serais donc pas le seul \u00e0 le penser ! \u00a0Je ne connaissais pas Olivier avant le 25 ; magie des rencontres et du partage des &hellip; <a href=\"https:\/\/sublimatio.com\/blog\/breve-de-vernissage\/\" class=\"more-link\">Continuer la lecture de <span class=\"screen-reader-text\">Br\u00e8ve de vernissage&#8230;<\/span> <span class=\"meta-nav\">&rarr;<\/span><\/a><\/p>\n","protected":false},"author":2,"featured_media":0,"comment_status":"open","ping_status":"open","sticky":false,"template":"","format":"standard","meta":[],"categories":[2,4],"tags":[19,48],"_links":{"self":[{"href":"https:\/\/sublimatio.com\/blog\/wp-json\/wp\/v2\/posts\/396"}],"collection":[{"href":"https:\/\/sublimatio.com\/blog\/wp-json\/wp\/v2\/posts"}],"about":[{"href":"https:\/\/sublimatio.com\/blog\/wp-json\/wp\/v2\/types\/post"}],"author":[{"embeddable":true,"href":"https:\/\/sublimatio.com\/blog\/wp-json\/wp\/v2\/users\/2"}],"replies":[{"embeddable":true,"href":"https:\/\/sublimatio.com\/blog\/wp-json\/wp\/v2\/comments?post=396"}],"version-history":[{"count":0,"href":"https:\/\/sublimatio.com\/blog\/wp-json\/wp\/v2\/posts\/396\/revisions"}],"wp:attachment":[{"href":"https:\/\/sublimatio.com\/blog\/wp-json\/wp\/v2\/media?parent=396"}],"wp:term":[{"taxonomy":"category","embeddable":true,"href":"https:\/\/sublimatio.com\/blog\/wp-json\/wp\/v2\/categories?post=396"},{"taxonomy":"post_tag","embeddable":true,"href":"https:\/\/sublimatio.com\/blog\/wp-json\/wp\/v2\/tags?post=396"}],"curies":[{"name":"wp","href":"https:\/\/api.w.org\/{rel}","templated":true}]}}