{"id":407,"date":"2010-06-01T13:34:12","date_gmt":"2010-06-01T11:34:12","guid":{"rendered":"http:\/\/blognrdb.wordpress.com\/?p=407"},"modified":"2010-06-01T13:34:12","modified_gmt":"2010-06-01T11:34:12","slug":"remerciement-en-cours-decriture","status":"publish","type":"post","link":"https:\/\/sublimatio.com\/blog\/remerciement-en-cours-decriture\/","title":{"rendered":"Remerciements"},"content":{"rendered":"<div id=\"_mcePaste\">\n<figure id=\"attachment_457\" aria-describedby=\"caption-attachment-457\" style=\"width: 500px\" class=\"wp-caption alignnone\"><a href=\"http:\/\/blognrdb.files.wordpress.com\/2010\/06\/nrdb-fouquet_s-2505-4903-4.jpg\"><img loading=\"lazy\" class=\"size-full wp-image-457\" title=\"NRDB-Fouquet_S-2505-4903-4\" src=\"http:\/\/blognrdb.files.wordpress.com\/2010\/06\/nrdb-fouquet_s-2505-4903-4.jpg\" alt=\"\" width=\"500\" height=\"273\" srcset=\"https:\/\/sublimatio.com\/blog\/wp-content\/uploads\/nrdb-fouquet_s-2505-4903-4.jpg 590w, https:\/\/sublimatio.com\/blog\/wp-content\/uploads\/nrdb-fouquet_s-2505-4903-4-300x164.jpg 300w\" sizes=\"(max-width: 500px) 100vw, 500px\" \/><\/a><figcaption id=\"caption-attachment-457\" class=\"wp-caption-text\">affluence<\/figcaption><\/figure>\n<p>Un grand merci \u00e0 celles et ceux qui m\u2019ont fait l&rsquo;amiti\u00e9 d&rsquo;assister au vernissage de mon exposition au Fouquet\u2019s le 25 mai dernier.<\/p>\n<\/div>\n<div id=\"_mcePaste\">Ce fut une belle occasion d&rsquo;\u00e9changes et de partages.<\/div>\n<div id=\"_mcePaste\">Les\u00a0photos de la soir\u00e9e sont <a href=\"http:\/\/web.me.com\/nrdb1\/Sublimatio\/Fouquet_s-25mai.html\">en ligne<\/a>, vous pourrez les retrouver \u00e9galement sur mon nouveau site, \u00a0<a href=\"http:\/\/www.sublimatio.com\">www.sublimatio.com<\/a>, ouvert pour l&rsquo;occasion. Vous\u00a0pourrez aussi\u00a0y\u00a0d\u00e9couvrir les autres facettes de mon travail.<\/div>\n<div id=\"_mcePaste\">Une mention particuli\u00e8re pour mes partenaires qui ont apport\u00e9 leur savoir-faire et leur enthousiasme pour que cet \u00e9v\u00e9nement ait lieu et \u00e0 l\u2019\u00e9quipe du Fouquet\u2019s pour son sympathique accueil.<\/div>\n<p>J&rsquo;exposerai\u00a0\u00e0 nouveau\u00a0le 12 juin \u00e0 Versailles, \u00e0 l&rsquo;occasion d&rsquo;un \u00e9v\u00e9nement organis\u00e9 place Notre Dame \u00a0par l&rsquo;Ecole des Beaux Arts, \u00ab\u00a0Les Artistes dans la rue\u00a0\u00bb. Je serai ravi de vous y retrouver.<\/p>\n","protected":false},"excerpt":{"rendered":"<p>Un grand merci \u00e0 celles et ceux qui m\u2019ont fait l&rsquo;amiti\u00e9 d&rsquo;assister au vernissage de mon exposition au Fouquet\u2019s le 25 mai dernier. Ce fut une belle occasion d&rsquo;\u00e9changes et de partages. Les\u00a0photos de la soir\u00e9e sont en ligne, vous pourrez les retrouver \u00e9galement sur mon nouveau site, \u00a0www.sublimatio.com, ouvert pour l&rsquo;occasion. Vous\u00a0pourrez aussi\u00a0y\u00a0d\u00e9couvrir les &hellip; <a href=\"https:\/\/sublimatio.com\/blog\/remerciement-en-cours-decriture\/\" class=\"more-link\">Continuer la lecture de <span class=\"screen-reader-text\">Remerciements<\/span> <span class=\"meta-nav\">&rarr;<\/span><\/a><\/p>\n","protected":false},"author":2,"featured_media":0,"comment_status":"open","ping_status":"open","sticky":false,"template":"","format":"standard","meta":[],"categories":[2],"tags":[40,61,63,68],"_links":{"self":[{"href":"https:\/\/sublimatio.com\/blog\/wp-json\/wp\/v2\/posts\/407"}],"collection":[{"href":"https:\/\/sublimatio.com\/blog\/wp-json\/wp\/v2\/posts"}],"about":[{"href":"https:\/\/sublimatio.com\/blog\/wp-json\/wp\/v2\/types\/post"}],"author":[{"embeddable":true,"href":"https:\/\/sublimatio.com\/blog\/wp-json\/wp\/v2\/users\/2"}],"replies":[{"embeddable":true,"href":"https:\/\/sublimatio.com\/blog\/wp-json\/wp\/v2\/comments?post=407"}],"version-history":[{"count":0,"href":"https:\/\/sublimatio.com\/blog\/wp-json\/wp\/v2\/posts\/407\/revisions"}],"wp:attachment":[{"href":"https:\/\/sublimatio.com\/blog\/wp-json\/wp\/v2\/media?parent=407"}],"wp:term":[{"taxonomy":"category","embeddable":true,"href":"https:\/\/sublimatio.com\/blog\/wp-json\/wp\/v2\/categories?post=407"},{"taxonomy":"post_tag","embeddable":true,"href":"https:\/\/sublimatio.com\/blog\/wp-json\/wp\/v2\/tags?post=407"}],"curies":[{"name":"wp","href":"https:\/\/api.w.org\/{rel}","templated":true}]}}