{"id":415,"date":"2010-06-03T01:02:57","date_gmt":"2010-06-02T23:02:57","guid":{"rendered":"http:\/\/blognrdb.wordpress.com\/?p=415"},"modified":"2010-06-03T01:02:57","modified_gmt":"2010-06-02T23:02:57","slug":"le-reseau-de-limage-soutient-lexposition","status":"publish","type":"post","link":"https:\/\/sublimatio.com\/blog\/le-reseau-de-limage-soutient-lexposition\/","title":{"rendered":"Le R\u00e9seau de l&rsquo;Image, soutient l&rsquo;exposition"},"content":{"rendered":"<div id=\"_mcePaste\"><a href=\"http:\/\/blognrdb.files.wordpress.com\/2010\/06\/iledemonsieur-club-nautique-83.jpg\"><img loading=\"lazy\" class=\"size-full wp-image-428\" title=\"IledeMonsieur-Club Nautique-83\" src=\"http:\/\/blognrdb.files.wordpress.com\/2010\/06\/iledemonsieur-club-nautique-83.jpg\" alt=\"\" width=\"500\" height=\"204\" srcset=\"https:\/\/sublimatio.com\/blog\/wp-content\/uploads\/iledemonsieur-club-nautique-83.jpg 1476w, https:\/\/sublimatio.com\/blog\/wp-content\/uploads\/iledemonsieur-club-nautique-83-300x122.jpg 300w, https:\/\/sublimatio.com\/blog\/wp-content\/uploads\/iledemonsieur-club-nautique-83-1024x419.jpg 1024w\" sizes=\"(max-width: 500px) 100vw, 500px\" \/><\/a><\/div>\n<div><strong><em><span style=\"font-style:normal;font-weight:normal;\"><strong>Christine Sadrin,\u00a0Chef de projet Image,\u00a0<em>D\u00e9partement Territoires &amp; R\u00e9seaux \u00e0 la\u00a0Chambre de commerce et d&rsquo;in<\/em><\/strong><\/span>dustrie de Paris <\/em><\/strong><strong><em>Hauts-de-Seine<\/em><\/strong><em> .<\/em><\/div>\n<p><strong>Christine, Le R\u00e9seau de l&rsquo;Image, \u00e7a \u00e0 l&rsquo;air\u00a0myst\u00e9rieux, peux-tu nous le pr\u00e9senter ?<\/strong><\/p>\n<p>Il n&rsquo;y a pas de myst\u00e8re, il est transparent.\u00a0\u00a0Avec le R\u00e9seau de l\u2019Image,\u00a0la Chambre de Commerce et d\u2019Industrie de Paris \u2013 Hauts-de-Seine propose la promotion des m\u00e9tiers de l\u2019image num\u00e9rique autour d\u2019une d\u00e9marche de progr\u00e8s et de d\u00e9veloppement durable partag\u00e9e. Les chefs d\u2019entreprises ont b\u00e2ti une charte d\u2019engagement \u00e9thique. Ils s\u2019engagent \u00e0 se former, \u00e0 monter en conscience et en responsabilit\u00e9, \u00e0 cerner les enjeux et les implications de leur entreprise dans l\u2019univers de la communication et des m\u00e9dias. Cette charte, sign\u00e9e par tous les membres est pr\u00e9sent\u00e9e comme incontournable \u00e0 tout candidat au r\u00e9seau. Mais si on parle de ton exposition, au m\u00eame titre que les autres membres tu partages ces valeurs dont tu mets en \u00e9vidence les concepts dans tes images.<\/p>\n<p><strong>Pour la CCIP, faire vivre et soutenir des r\u00e9seaux, est-ce si important ?<\/strong><\/p>\n<p>Les r\u00e9seaux d&rsquo;entreprises r\u00e9pondent \u00e0 un vrai besoin, la demande est croissante depuis plusieurs ann\u00e9es et la CCIP m\u00e8ne une d\u00e9marche pro-active pour les d\u00e9velopper.<\/p>\n<p>Comme dans tout r\u00e9seau, l\u2019objectif est de rencontrer d\u2019autres dirigeants du secteur pour promouvoir son savoir-faire, b\u00e9n\u00e9ficier de l\u2019exp\u00e9rience et de l\u2019expertise de ses pairs, confronter des id\u00e9es, avoir des \u00e9l\u00e9ments de benchmark.<\/p>\n<p>C&rsquo;est \u00e9galement une possibilit\u00e9 pour les membres de renforcer leurs comp\u00e9tences globales gr\u00e2ce \u00e0 des apports ext\u00e9rieurs d\u2019experts dans les domaines juridique, strat\u00e9gique, de gestion des ressources humaines, de d\u00e9veloppement durable et de nouer des partenariats.<\/p>\n<p><strong>Comment cela se traduit-ilconcr\u00e8tement ?<\/strong><\/p>\n<p>Par des projets ou actions r\u00e9alis\u00e9es en commun par les membres, je pense \u00e0 la maison du D\u00e9veloppement Durable, plus r\u00e9cemment au profit de la Ligue contre le cancer ou plus d&rsquo;une douzaine de membres se sont r\u00e9unis pour monter une op\u00e9ration \u00e9norme en 10 jours chrono (prises de vues photo et vid\u00e9o sous marine, TV directe sur le web&#8230;. ) et maintenant cette exposition, avec la collaboration de 4 membres, en sont des\u00a0exemples vivant. Nous voyons cela comme la mise en pratique des principes qui \u00a0f\u00e9d\u00e8rent les membres et servent d&rsquo;exemple. Sur le site du r\u00e9seau on peut avoir un aper\u00e7u de son actualit\u00e9.<\/p>\n<p><strong>Le r\u00f4le de ce r\u00e9seau est-il \u00a0uniquement \u00e9thique et th\u00e9orique ?<\/strong><\/p>\n<p>Pas uniquement, quand les membres sont d&rsquo;accords sur les id\u00e9es et le prouvent \u00a0par la mise en pratique quotidienne alors la confiance s&rsquo;installe. Comme les membres sont tous compl\u00e9mentaires, des collaborations se cr\u00e9ent. \u00a0Un r\u00e9seau sert aussi \u00e0 terme, \u00e0 faire du business. Mais dans ce cas, c&rsquo;est un business \u00e9thique, leurs clients appr\u00e9cient, la plan\u00e8te aussi.<\/p>\n<p><strong>A l&rsquo;avenir ?<\/strong><\/p>\n<p>En 2010, le r\u00e9seau continue \u00e0 s\u2019agrandir pour cr\u00e9er encore davantage de synergies entre les entreprises de la communication, du print, de la 3D, du jeu, du graphisme, de la production audiovisuelle, de la photo, du son.<\/p>\n","protected":false},"excerpt":{"rendered":"<p>Christine Sadrin,\u00a0Chef de projet Image,\u00a0D\u00e9partement Territoires &amp; R\u00e9seaux \u00e0 la\u00a0Chambre de commerce et d&rsquo;industrie de Paris Hauts-de-Seine . Christine, Le R\u00e9seau de l&rsquo;Image, \u00e7a \u00e0 l&rsquo;air\u00a0myst\u00e9rieux, peux-tu nous le pr\u00e9senter ? Il n&rsquo;y a pas de myst\u00e8re, il est transparent.\u00a0\u00a0Avec le R\u00e9seau de l\u2019Image,\u00a0la Chambre de Commerce et d\u2019Industrie de Paris \u2013 Hauts-de-Seine propose la &hellip; <a href=\"https:\/\/sublimatio.com\/blog\/le-reseau-de-limage-soutient-lexposition\/\" class=\"more-link\">Continuer la lecture de <span class=\"screen-reader-text\">Le R\u00e9seau de l&rsquo;Image, soutient l&rsquo;exposition<\/span> <span class=\"meta-nav\">&rarr;<\/span><\/a><\/p>\n","protected":false},"author":2,"featured_media":0,"comment_status":"open","ping_status":"open","sticky":false,"template":"","format":"standard","meta":[],"categories":[8],"tags":[],"_links":{"self":[{"href":"https:\/\/sublimatio.com\/blog\/wp-json\/wp\/v2\/posts\/415"}],"collection":[{"href":"https:\/\/sublimatio.com\/blog\/wp-json\/wp\/v2\/posts"}],"about":[{"href":"https:\/\/sublimatio.com\/blog\/wp-json\/wp\/v2\/types\/post"}],"author":[{"embeddable":true,"href":"https:\/\/sublimatio.com\/blog\/wp-json\/wp\/v2\/users\/2"}],"replies":[{"embeddable":true,"href":"https:\/\/sublimatio.com\/blog\/wp-json\/wp\/v2\/comments?post=415"}],"version-history":[{"count":0,"href":"https:\/\/sublimatio.com\/blog\/wp-json\/wp\/v2\/posts\/415\/revisions"}],"wp:attachment":[{"href":"https:\/\/sublimatio.com\/blog\/wp-json\/wp\/v2\/media?parent=415"}],"wp:term":[{"taxonomy":"category","embeddable":true,"href":"https:\/\/sublimatio.com\/blog\/wp-json\/wp\/v2\/categories?post=415"},{"taxonomy":"post_tag","embeddable":true,"href":"https:\/\/sublimatio.com\/blog\/wp-json\/wp\/v2\/tags?post=415"}],"curies":[{"name":"wp","href":"https:\/\/api.w.org\/{rel}","templated":true}]}}