{"id":442,"date":"2010-06-10T12:06:41","date_gmt":"2010-06-10T10:06:41","guid":{"rendered":"http:\/\/blognrdb.wordpress.com\/?p=442"},"modified":"2010-06-10T12:06:41","modified_gmt":"2010-06-10T10:06:41","slug":"a-quoi-lart-sert","status":"publish","type":"post","link":"https:\/\/sublimatio.com\/blog\/a-quoi-lart-sert\/","title":{"rendered":"A QUOI L&rsquo;ART SERT ?"},"content":{"rendered":"<figure id=\"attachment_484\" aria-describedby=\"caption-attachment-484\" style=\"width: 500px\" class=\"wp-caption alignnone\"><a href=\"http:\/\/blognrdb.files.wordpress.com\/2010\/06\/hb-fam-trip-bilbao-221-2.jpg\"><img loading=\"lazy\" class=\"size-full wp-image-484  \" title=\"HB-Fam Trip-Bilbao-221-2\" src=\"http:\/\/blognrdb.files.wordpress.com\/2010\/06\/hb-fam-trip-bilbao-221-2-e1276161119605.jpg\" alt=\"\" width=\"500\" height=\"198\" \/><\/a><figcaption id=\"caption-attachment-484\" class=\"wp-caption-text\">Pont Zubizuri, Bilbao. \u00a9NRDB<\/figcaption><\/figure>\n<p>Pour ceux qui se poseraient encore la question, j&rsquo;en ai eu une interpr\u00e9tation derni\u00e8rement en visitant Bilbao qui a utilis\u00e9 l&rsquo;Art \u00a0sous toutes ses formes comme levier pour une r\u00e9volution \u00e9conomique. A l&rsquo;occasion d&rsquo;un voyage de d\u00e9couverte organis\u00e9 par <a href=\"http:\/\/www.helmsbriscoe.com\/Default.aspx\" target=\"_self\">HelmsBricoe<\/a>, nous \u00e9tions re\u00e7us par Kepa Olabarrieta, Directeur de Bilbao Convention Bureau. Je vous laisse avec lui quelques instant, mais sachez que j&rsquo;ai ador\u00e9 cette ville et ses environs, j&rsquo;y ai d\u00e9couvert quelques p\u00e9pites , je vous en reparlerai.<\/p>\n<figure id=\"attachment_486\" aria-describedby=\"caption-attachment-486\" style=\"width: 235px\" class=\"wp-caption alignright\"><a href=\"http:\/\/blognrdb.files.wordpress.com\/2010\/06\/kepa-olabarrieta-3.jpg\"><img loading=\"lazy\" class=\"size-full wp-image-486 \" title=\"Kepa Olabarrieta-3\" src=\"http:\/\/blognrdb.files.wordpress.com\/2010\/06\/kepa-olabarrieta-3-e1276162280452.jpg\" alt=\"\" width=\"235\" height=\"218\" \/><\/a><figcaption id=\"caption-attachment-486\" class=\"wp-caption-text\">K. Olabarrieta. \u00a9NRDB<\/figcaption><\/figure>\n<div id=\"_mcePaste\"><strong>&#8211; Kepa Olaberietta quel est l\u2019origine de la transformation de Bilbao ?<\/strong><\/div>\n<div id=\"_mcePaste\">Dans les ann\u00e9es 80 alors que l\u2019\u00e9conomie traditionnelle (m\u00e9tallurgie, chantiers maritimes) \u00e9tait en crise, d\u00e9laissant de grands espaces au c\u0153ur de l\u2019actuelle Bilbao, les autorit\u00e9s ont d\u00e9cid\u00e9 une r\u00e9volution \u00e9conomique sans pr\u00e9c\u00e9dent. Il s\u2019agissait \u00a0d\u2019\u00e9largir le champ des ressources, le choix s\u2019est port\u00e9 vers le tourisme, notamment vers le tourisme d\u2019affaires et les loisirs.<\/div>\n<div id=\"_mcePaste\"><strong>&#8211; Quels principes ont pr\u00e9sid\u00e9 \u00e0 cette transformation ?<\/strong><\/div>\n<div id=\"_mcePaste\">Une ouverture vers la culture encore plus large. Bilbao et sa r\u00e9gion ont toujours eu une culture puissante r\u00e9v\u00e9l\u00e9e par les architectures de toutes \u00e9poques, selon les quartiers, et les sculptures classiques que l\u2019on croise dans la rue, mais trop souvent sur pi\u00e9destal donc inaccessibles.\u00a0Bilbao s\u2019\u00e9tait constitu\u00e9e autour d&rsquo;un p\u00f4le industriel devenu\u00a0friches. Il fallait les transformer \u00a0en centres d\u2019affaires et d\u2019habitations \u00a0accueillant des activit\u00e9s sportives contemporaines (fitness, etc&#8230;), et en p\u00f4le culturel dont le Mus\u00e9e Guggenheim depuis 1997 est le pivot.<\/div>\n<div>\n<figure id=\"attachment_494\" aria-describedby=\"caption-attachment-494\" style=\"width: 500px\" class=\"wp-caption alignnone\"><a href=\"http:\/\/blognrdb.files.wordpress.com\/2010\/06\/bilbao-perso-7-e1276163825902.jpg\"><img loading=\"lazy\" class=\"size-full wp-image-494 \" title=\"Bilbao Perso-7\" src=\"http:\/\/blognrdb.files.wordpress.com\/2010\/06\/bilbao-perso-7-e1276163825902.jpg\" alt=\"\" width=\"500\" height=\"279\" \/><\/a><figcaption id=\"caption-attachment-494\" class=\"wp-caption-text\">Bilbao, Les M\u00e9nines de Manolo Vald\u00e9s sorties d&#039;un tableau de Velazquez \u00a9NRDB<\/figcaption><\/figure>\n<\/div>\n<div id=\"_mcePaste\"><strong>&#8211; Depuis quand ?<\/strong><\/div>\n<div id=\"_mcePaste\">Les premi\u00e8res transformations ont d\u00e9marr\u00e9es en 1986, ce n\u2019est qu\u2019en 1991 que la population en a vu les premiers r\u00e9sultats et eu une id\u00e9e plus pr\u00e9cise de la r\u00e9alit\u00e9 des projets. Au doute a succ\u00e9d\u00e9 une forte adh\u00e9sion.<\/div>\n<div>\n<figure id=\"attachment_487\" aria-describedby=\"caption-attachment-487\" style=\"width: 280px\" class=\"wp-caption alignleft\"><a href=\"http:\/\/blognrdb.files.wordpress.com\/2010\/06\/bilbao-gueggenheim-18.jpg\"><img loading=\"lazy\" class=\"size-full wp-image-487  \" title=\"Bilbao-Gueggenheim-18\" src=\"http:\/\/blognrdb.files.wordpress.com\/2010\/06\/bilbao-gueggenheim-18.jpg\" alt=\"\" width=\"280\" height=\"186\" \/><\/a><figcaption id=\"caption-attachment-487\" class=\"wp-caption-text\">Mus\u00e9e Gueggenheim. \u00a9NRDB<\/figcaption><\/figure>\n<\/div>\n<div id=\"_mcePaste\"><strong>&#8211; Apr\u00e8s 25 ans, soit une g\u00e9n\u00e9ration, quels sont les sentiments de la population ?<\/strong><\/div>\n<div id=\"_mcePaste\">Nous passions d\u2019une \u00e8re d\u2019industrie lourde \u00e0 celle du tourisme et des loisirs. La culture accessible au quotidien, de nombreuses sculptures d\u2019art contemporain dans la rue \u00e0 port\u00e9e de mains des passants, des b\u00e2timents r\u00e9nov\u00e9s et de nouveaux projets r\u00e9alis\u00e9es par des architectes de renomm\u00e9e internationale, du plus profond avec le m\u00e9tro par Norman Foster, aux cimes avec les tours par Arata Izosaki construites sur d\u2019anciens magasins g\u00e9n\u00e9raux face au pont Zubizuri par Santiago Calatrava et les exemples sont encore nombreux.<\/div>\n<div id=\"_mcePaste\"><strong>&#8211; Autant d\u2019\u0153uvres \u00a0d\u2019art dans les rues et dans l\u2019\u00e2me des b\u00e2timents, Bilbao voudrait-elle devenir la Florence du 21\u00b0 si\u00e8cle ?<\/strong><\/div>\n<div id=\"_mcePaste\">Ce n\u2019est pas une volont\u00e9, mais une d\u00e9marche simple et naturelle dont il r\u00e9sulte aujourd\u2019hui un sentiment de fiert\u00e9 des habitants pour leur ville, d\u2019autant que nombre d\u2019entre elles ont \u00e9t\u00e9 achet\u00e9es par la ville. Par l\u2019ouverture d\u2019esprit que suscite la confrontation avec l\u2019art les citoyens se les sont litt\u00e9ralement appropri\u00e9s.<\/p>\n<figure id=\"attachment_489\" aria-describedby=\"caption-attachment-489\" style=\"width: 500px\" class=\"wp-caption alignnone\"><a href=\"http:\/\/blognrdb.files.wordpress.com\/2010\/06\/bilbao-gueggenheim-62.jpg\"><img loading=\"lazy\" class=\"size-full wp-image-489\" title=\"Bilbao-Gueggenheim-62\" src=\"http:\/\/blognrdb.files.wordpress.com\/2010\/06\/bilbao-gueggenheim-62.jpg\" alt=\"\" width=\"500\" height=\"333\" \/><\/a><figcaption id=\"caption-attachment-489\" class=\"wp-caption-text\">Mus\u00e9e Gueggenheim, &quot;Maman&quot; de Louise Bourgeois. \u00a9NRDB<\/figcaption><\/figure>\n<\/div>\n","protected":false},"excerpt":{"rendered":"<p>Pour ceux qui se poseraient encore la question, j&rsquo;en ai eu une interpr\u00e9tation derni\u00e8rement en visitant Bilbao qui a utilis\u00e9 l&rsquo;Art \u00a0sous toutes ses formes comme levier pour une r\u00e9volution \u00e9conomique. A l&rsquo;occasion d&rsquo;un voyage de d\u00e9couverte organis\u00e9 par HelmsBricoe, nous \u00e9tions re\u00e7us par Kepa Olabarrieta, Directeur de Bilbao Convention Bureau. Je vous laisse avec &hellip; <a href=\"https:\/\/sublimatio.com\/blog\/a-quoi-lart-sert\/\" class=\"more-link\">Continuer la lecture de <span class=\"screen-reader-text\">A QUOI L&rsquo;ART SERT ?<\/span> <span class=\"meta-nav\">&rarr;<\/span><\/a><\/p>\n","protected":false},"author":2,"featured_media":0,"comment_status":"open","ping_status":"open","sticky":false,"template":"","format":"standard","meta":[],"categories":[6,7],"tags":[13,23,57],"_links":{"self":[{"href":"https:\/\/sublimatio.com\/blog\/wp-json\/wp\/v2\/posts\/442"}],"collection":[{"href":"https:\/\/sublimatio.com\/blog\/wp-json\/wp\/v2\/posts"}],"about":[{"href":"https:\/\/sublimatio.com\/blog\/wp-json\/wp\/v2\/types\/post"}],"author":[{"embeddable":true,"href":"https:\/\/sublimatio.com\/blog\/wp-json\/wp\/v2\/users\/2"}],"replies":[{"embeddable":true,"href":"https:\/\/sublimatio.com\/blog\/wp-json\/wp\/v2\/comments?post=442"}],"version-history":[{"count":0,"href":"https:\/\/sublimatio.com\/blog\/wp-json\/wp\/v2\/posts\/442\/revisions"}],"wp:attachment":[{"href":"https:\/\/sublimatio.com\/blog\/wp-json\/wp\/v2\/media?parent=442"}],"wp:term":[{"taxonomy":"category","embeddable":true,"href":"https:\/\/sublimatio.com\/blog\/wp-json\/wp\/v2\/categories?post=442"},{"taxonomy":"post_tag","embeddable":true,"href":"https:\/\/sublimatio.com\/blog\/wp-json\/wp\/v2\/tags?post=442"}],"curies":[{"name":"wp","href":"https:\/\/api.w.org\/{rel}","templated":true}]}}