{"id":45,"date":"2010-05-03T08:05:49","date_gmt":"2010-05-03T07:05:49","guid":{"rendered":"http:\/\/blognrdb.wordpress.com\/?p=45"},"modified":"2010-05-03T08:05:49","modified_gmt":"2010-05-03T07:05:49","slug":"levenement-nature-capitale-sur-les-champs-elysees","status":"publish","type":"post","link":"https:\/\/sublimatio.com\/blog\/levenement-nature-capitale-sur-les-champs-elysees\/","title":{"rendered":"L&rsquo;\u00e9v\u00e9nement Nature Capitale sur les Champs Elys\u00e9es"},"content":{"rendered":"<figure id=\"attachment_59\" aria-describedby=\"caption-attachment-59\" style=\"width: 254px\" class=\"wp-caption alignleft\"><a href=\"http:\/\/www.fouquets-barriere.com\/http:\/\/www.fouquets-barriere.com\"><img loading=\"lazy\" class=\"size-medium wp-image-59 \" title=\"bg\" src=\"http:\/\/blognrdb.files.wordpress.com\/2010\/05\/bg.jpg?w=254\" alt=\"\" width=\"254\" height=\"300\" srcset=\"https:\/\/sublimatio.com\/blog\/wp-content\/uploads\/bg.jpg 1000w, https:\/\/sublimatio.com\/blog\/wp-content\/uploads\/bg-254x300.jpg 254w, https:\/\/sublimatio.com\/blog\/wp-content\/uploads\/bg-868x1024.jpg 868w\" sizes=\"(max-width: 254px) 100vw, 254px\" \/><\/a><figcaption id=\"caption-attachment-59\" class=\"wp-caption-text\">    Projet de V\u00e9g\u00e9talisation des Champs Elys\u00e9es      \u00a9 Nature Capitale<\/figcaption><\/figure>\n<p>Avez-vous entendu parler de Nature Capitale ?<\/p>\n<p>L&rsquo;\u00e9v\u00e9nement aura lieu durant le week-end de la Pentec\u00f4te, du 22 au 24 mai\u00a0\u00a0: Gad Weil (cr\u00e9ateur et metteur en sc\u00e8ne d\u2019arts de la rue, d\u00e9j\u00e0 \u00e0 l&rsquo;origine en 1992 de \u00ab\u00a0la Grande Moisson\u00a0\u00bb) et Laurence Medioni (plasticienne et paysagiste) organisent une tr\u00e8s belle mise en sc\u00e8ne en v\u00e9g\u00e9talisant la plus belle avenue du monde.<\/p>\n<p>L\u2019objectif de cet \u00e9v\u00e9nement est selon Gad Weil\u00a0d&rsquo;\u00a0\u00ab <em>interpeler le public sur le travail des agriculteurs et des forestiers qui sont les premiers faiseurs de paysage de France<\/em> \u00bb<\/p>\n<p>Cette initiative puissante et po\u00e9tique r\u00e9unira entre\u00a0un et deux millions de spectateurs pendant 36h.<br \/>\nPour en savoir plus, vous pouvez consulter le site\u00a0d\u00e9di\u00e9 \u00e0 l&rsquo;\u00e9v\u00e9nement, \u00a0<a href=\"http:\/\/naturecapitale.com\/\">Nature Capitale <\/a><\/p>\n<p>C&rsquo;est dans ce contexte que j&rsquo;ai \u00e9t\u00e9 contact\u00e9 par <a href=\"http:\/\/www.marquiseevents.com\/\">Marquise Events<\/a>,\u00a0organisateur des \u00ab\u00a0<a href=\"http:\/\/www.fouquets-barriere.com\/\">Fouquet&rsquo;s Tuesday<\/a>\u00ab\u00a0, qui m&rsquo;a invit\u00e9 \u00e0 exposer le 25 mai mes\u00a0oeuvres sur le th\u00e8me du V\u00e9g\u00e9tal sublim\u00e9.<br \/>\n<a id=\"comment_participer\" rel=\"panel\" href=\"http:\/\/www.naturecapitale.com\/etmoi\/rubrique.php?id_rubrique=1\"><\/a><\/p>\n","protected":false},"excerpt":{"rendered":"<p>Avez-vous entendu parler de Nature Capitale ? L&rsquo;\u00e9v\u00e9nement aura lieu durant le week-end de la Pentec\u00f4te, du 22 au 24 mai\u00a0\u00a0: Gad Weil (cr\u00e9ateur et metteur en sc\u00e8ne d\u2019arts de la rue, d\u00e9j\u00e0 \u00e0 l&rsquo;origine en 1992 de \u00ab\u00a0la Grande Moisson\u00a0\u00bb) et Laurence Medioni (plasticienne et paysagiste) organisent une tr\u00e8s belle mise en sc\u00e8ne en &hellip; <a href=\"https:\/\/sublimatio.com\/blog\/levenement-nature-capitale-sur-les-champs-elysees\/\" class=\"more-link\">Continuer la lecture de <span class=\"screen-reader-text\">L&rsquo;\u00e9v\u00e9nement Nature Capitale sur les Champs Elys\u00e9es<\/span> <span class=\"meta-nav\">&rarr;<\/span><\/a><\/p>\n","protected":false},"author":2,"featured_media":0,"comment_status":"open","ping_status":"open","sticky":false,"template":"","format":"standard","meta":[],"categories":[4],"tags":[],"_links":{"self":[{"href":"https:\/\/sublimatio.com\/blog\/wp-json\/wp\/v2\/posts\/45"}],"collection":[{"href":"https:\/\/sublimatio.com\/blog\/wp-json\/wp\/v2\/posts"}],"about":[{"href":"https:\/\/sublimatio.com\/blog\/wp-json\/wp\/v2\/types\/post"}],"author":[{"embeddable":true,"href":"https:\/\/sublimatio.com\/blog\/wp-json\/wp\/v2\/users\/2"}],"replies":[{"embeddable":true,"href":"https:\/\/sublimatio.com\/blog\/wp-json\/wp\/v2\/comments?post=45"}],"version-history":[{"count":0,"href":"https:\/\/sublimatio.com\/blog\/wp-json\/wp\/v2\/posts\/45\/revisions"}],"wp:attachment":[{"href":"https:\/\/sublimatio.com\/blog\/wp-json\/wp\/v2\/media?parent=45"}],"wp:term":[{"taxonomy":"category","embeddable":true,"href":"https:\/\/sublimatio.com\/blog\/wp-json\/wp\/v2\/categories?post=45"},{"taxonomy":"post_tag","embeddable":true,"href":"https:\/\/sublimatio.com\/blog\/wp-json\/wp\/v2\/tags?post=45"}],"curies":[{"name":"wp","href":"https:\/\/api.w.org\/{rel}","templated":true}]}}