{"id":477,"date":"2010-06-09T12:05:38","date_gmt":"2010-06-09T10:05:38","guid":{"rendered":"http:\/\/blognrdb.wordpress.com\/?p=477"},"modified":"2010-06-09T12:05:38","modified_gmt":"2010-06-09T10:05:38","slug":"les-artistes-dans-la-rue","status":"publish","type":"post","link":"https:\/\/sublimatio.com\/blog\/les-artistes-dans-la-rue\/","title":{"rendered":"Les Artistes dans la rue"},"content":{"rendered":"<p style=\"text-align:justify;\"><a href=\"http:\/\/blognrdb.files.wordpress.com\/2010\/06\/artistes-dans-la-rue.jpg\"><img loading=\"lazy\" class=\"alignleft size-full wp-image-480\" title=\"Artistes dans la rue\" src=\"http:\/\/blognrdb.files.wordpress.com\/2010\/06\/artistes-dans-la-rue.jpg\" alt=\"\" width=\"500\" height=\"707\" srcset=\"https:\/\/sublimatio.com\/blog\/wp-content\/uploads\/artistes-dans-la-rue.jpg 842w, https:\/\/sublimatio.com\/blog\/wp-content\/uploads\/artistes-dans-la-rue-212x300.jpg 212w, https:\/\/sublimatio.com\/blog\/wp-content\/uploads\/artistes-dans-la-rue-723x1024.jpg 723w\" sizes=\"(max-width: 500px) 100vw, 500px\" \/><\/a>Pour ceux qui aimeraient voir ou revoir mes images, je les exposerai le 12 juin lors de la 25\u00b0 \u00e9dition des \u00ab\u00a0Artistes dans la rue\u00a0\u00bb, organis\u00e9e \u00a0par l&rsquo;Ecole des Beaux Arts de Versailles. Attention cela ne dure qu&rsquo;une journ\u00e9e de 9h \u00e0 19h, place Notre Dame. Tr\u00e8s pratique, il y a un parking juste en dessous. Tr\u00e8s sympa, un concours est m\u00eame organis\u00e9. Espoir.<\/p>\n<p style=\"text-align:justify;\">A samedi ! \u00a0Je r\u00e9serve une surprise \u00e0 ceux qui me diront avoir lu mon blog&#8230; \ud83d\ude09<\/p>\n","protected":false},"excerpt":{"rendered":"<p>Pour ceux qui aimeraient voir ou revoir mes images, je les exposerai le 12 juin lors de la 25\u00b0 \u00e9dition des \u00ab\u00a0Artistes dans la rue\u00a0\u00bb, organis\u00e9e \u00a0par l&rsquo;Ecole des Beaux Arts de Versailles. Attention cela ne dure qu&rsquo;une journ\u00e9e de 9h \u00e0 19h, place Notre Dame. Tr\u00e8s pratique, il y a un parking juste en &hellip; <a href=\"https:\/\/sublimatio.com\/blog\/les-artistes-dans-la-rue\/\" class=\"more-link\">Continuer la lecture de <span class=\"screen-reader-text\">Les Artistes dans la rue<\/span> <span class=\"meta-nav\">&rarr;<\/span><\/a><\/p>\n","protected":false},"author":2,"featured_media":0,"comment_status":"open","ping_status":"open","sticky":false,"template":"","format":"standard","meta":[],"categories":[8],"tags":[],"_links":{"self":[{"href":"https:\/\/sublimatio.com\/blog\/wp-json\/wp\/v2\/posts\/477"}],"collection":[{"href":"https:\/\/sublimatio.com\/blog\/wp-json\/wp\/v2\/posts"}],"about":[{"href":"https:\/\/sublimatio.com\/blog\/wp-json\/wp\/v2\/types\/post"}],"author":[{"embeddable":true,"href":"https:\/\/sublimatio.com\/blog\/wp-json\/wp\/v2\/users\/2"}],"replies":[{"embeddable":true,"href":"https:\/\/sublimatio.com\/blog\/wp-json\/wp\/v2\/comments?post=477"}],"version-history":[{"count":0,"href":"https:\/\/sublimatio.com\/blog\/wp-json\/wp\/v2\/posts\/477\/revisions"}],"wp:attachment":[{"href":"https:\/\/sublimatio.com\/blog\/wp-json\/wp\/v2\/media?parent=477"}],"wp:term":[{"taxonomy":"category","embeddable":true,"href":"https:\/\/sublimatio.com\/blog\/wp-json\/wp\/v2\/categories?post=477"},{"taxonomy":"post_tag","embeddable":true,"href":"https:\/\/sublimatio.com\/blog\/wp-json\/wp\/v2\/tags?post=477"}],"curies":[{"name":"wp","href":"https:\/\/api.w.org\/{rel}","templated":true}]}}