{"id":485,"date":"2010-04-30T08:52:46","date_gmt":"2010-04-30T07:52:46","guid":{"rendered":"http:\/\/blognrdb.wordpress.com\/?p=19"},"modified":"2010-04-30T08:52:46","modified_gmt":"2010-04-30T07:52:46","slug":"mon-oeuvre-sur-le-theme-du-vegetal-sublime","status":"publish","type":"post","link":"https:\/\/sublimatio.com\/blog\/mon-oeuvre-sur-le-theme-du-vegetal-sublime\/","title":{"rendered":"Mon oeuvre sur le th\u00e8me du v\u00e9g\u00e9tal"},"content":{"rendered":"<p>Fleurs, branches d&rsquo;arbres, \u00e9pis ou champs de bl\u00e9s, autant de\u00a0sujets qui m&rsquo;interpellent et qui seront le th\u00e8me de mon exposition du 25 mai.<\/p>\n<p>Ce qui m&rsquo;int\u00e9resse particuli\u00e8rement ? D\u00e9finir des points de nettet\u00e9 improbables, des zones de flou \u00e9tudi\u00e9es qui, capturant le regard permettent de d\u00e9couvrir la douceur et fragilit\u00e9 du v\u00e9g\u00e9tal.<br \/>\nLes tons sur ton d\u00e9licats r\u00e9v\u00e8lent les structures architecturales complexes de ces\u00a0sujets \u00e9ph\u00e9m\u00e8res et\u00a0pourtant extr\u00eamement r\u00e9sistants. Combinaison des nuances, jeux de lumi\u00e8res, de mati\u00e8res et compositions renforcent la polys\u00e9mie de l\u2019image et en appuient l\u2019esth\u00e9tique, lui donnant une dimension \u00ab\u00a0Art Graphique\u00a0\u00bb.<br \/>\nEn sublimant le v\u00e9g\u00e9tal,\u00a0je choisis d&rsquo;attirer\u00a0l&rsquo;attention sur la fragilit\u00e9 du vivant, tout en rendant inconcevable sa disparition ou son probable appauvrissement.<br \/>\nComment nous priver de telles beaut\u00e9s ?<\/p>\n","protected":false},"excerpt":{"rendered":"<p>Fleurs, branches d&rsquo;arbres, \u00e9pis ou champs de bl\u00e9s, autant de\u00a0sujets qui m&rsquo;interpellent et qui seront le th\u00e8me de mon exposition du 25 mai. Ce qui m&rsquo;int\u00e9resse particuli\u00e8rement ? D\u00e9finir des points de nettet\u00e9 improbables, des zones de flou \u00e9tudi\u00e9es qui, capturant le regard permettent de d\u00e9couvrir la douceur et fragilit\u00e9 du v\u00e9g\u00e9tal. Les tons sur &hellip; <a href=\"https:\/\/sublimatio.com\/blog\/mon-oeuvre-sur-le-theme-du-vegetal-sublime\/\" class=\"more-link\">Continuer la lecture de <span class=\"screen-reader-text\">Mon oeuvre sur le th\u00e8me du v\u00e9g\u00e9tal<\/span> <span class=\"meta-nav\">&rarr;<\/span><\/a><\/p>\n","protected":false},"author":2,"featured_media":0,"comment_status":"open","ping_status":"open","sticky":false,"template":"","format":"standard","meta":[],"categories":[4],"tags":[37,47,84],"_links":{"self":[{"href":"https:\/\/sublimatio.com\/blog\/wp-json\/wp\/v2\/posts\/485"}],"collection":[{"href":"https:\/\/sublimatio.com\/blog\/wp-json\/wp\/v2\/posts"}],"about":[{"href":"https:\/\/sublimatio.com\/blog\/wp-json\/wp\/v2\/types\/post"}],"author":[{"embeddable":true,"href":"https:\/\/sublimatio.com\/blog\/wp-json\/wp\/v2\/users\/2"}],"replies":[{"embeddable":true,"href":"https:\/\/sublimatio.com\/blog\/wp-json\/wp\/v2\/comments?post=485"}],"version-history":[{"count":0,"href":"https:\/\/sublimatio.com\/blog\/wp-json\/wp\/v2\/posts\/485\/revisions"}],"wp:attachment":[{"href":"https:\/\/sublimatio.com\/blog\/wp-json\/wp\/v2\/media?parent=485"}],"wp:term":[{"taxonomy":"category","embeddable":true,"href":"https:\/\/sublimatio.com\/blog\/wp-json\/wp\/v2\/categories?post=485"},{"taxonomy":"post_tag","embeddable":true,"href":"https:\/\/sublimatio.com\/blog\/wp-json\/wp\/v2\/tags?post=485"}],"curies":[{"name":"wp","href":"https:\/\/api.w.org\/{rel}","templated":true}]}}