{"id":487,"date":"2010-06-14T01:03:36","date_gmt":"2010-06-13T23:03:36","guid":{"rendered":"http:\/\/blognrdb.wordpress.com\/?p=483"},"modified":"2010-06-14T01:03:36","modified_gmt":"2010-06-13T23:03:36","slug":"apres-les-champs-la-rue","status":"publish","type":"post","link":"https:\/\/sublimatio.com\/blog\/apres-les-champs-la-rue\/","title":{"rendered":"Apr\u00e8s les champs, la rue&#8230;"},"content":{"rendered":"<figure id=\"attachment_519\" aria-describedby=\"caption-attachment-519\" style=\"width: 500px\" class=\"wp-caption alignnone\"><a href=\"http:\/\/blognrdb.files.wordpress.com\/2010\/06\/artrue-7119.jpg\"><img loading=\"lazy\" class=\"size-full wp-image-519\" title=\"ArtRue-7119\" src=\"http:\/\/blognrdb.files.wordpress.com\/2010\/06\/artrue-7119.jpg\" alt=\"\" width=\"500\" height=\"188\" \/><\/a><figcaption id=\"caption-attachment-519\" class=\"wp-caption-text\">Le stand, \u00a9 NRDB<\/figcaption><\/figure>\n<p>Ce Samedi 12 juin, j&rsquo;\u00e9tais invit\u00e9 \u00e0 participer \u00e0 la 25\u00b0 \u00e9dition de l&rsquo;exposition \u00ab\u00a0Les Artistes dans la rue\u00a0\u00bb organis\u00e9e par l&rsquo;Association des Anciens El\u00e8ves Dipl\u00f4m\u00e9s de l&rsquo;Ecole des Beaux Arts de Versailles. Sur la place Notre Dame, du carr\u00e9 \u00e0 la mar\u00e9e au carr\u00e9 aux herbes, une centaine de stands accueillaient des artistes ; peintres, sculpteurs, plasticiens et photographes. \u00ab\u00a0Le V\u00e9g\u00e9tal sublim\u00e9\u00a0\u00bb prenait place dans le carr\u00e9 aux herbes, heureux pr\u00e9sage. Jardin tr\u00e8s arros\u00e9 lors de l&rsquo;installation, l&rsquo;astre royal a daign\u00e9 nous r\u00e9chauffer par la suite, drainant ainsi les nombreux amateurs d&rsquo;art de la ville et m\u00eame de plus loin.<\/p>\n<p>A la question du \u00ab\u00a0comment\u00a0\u00bb, j&rsquo;ai souvent indiqu\u00e9 que la r\u00e9ponse \u00e9tait dans l&rsquo;image puisque ce sont de \u00ab\u00a0vraies\u00a0\u00bb photos, qu&rsquo;il n&rsquo;y a aucun trucage, \u00ab\u00a0simplement\u00a0\u00bb une mise en lumi\u00e8res \u00e9labor\u00e9e au service du \u00ab\u00a0pourquoi\u00a0\u00bb ; capture de l&rsquo;instant magique.<br \/>\nIl y a ceux qui passent, sont accroch\u00e9s par une image, rentrent, observent, s&rsquo;\u00e9tonnent, appr\u00e9cient et finissent par me demander : \u00ab\u00a0mais est-ce une peinture ?\u00a0\u00bb. \u00a0Je les \u00e9claire, mais comme cela s&rsquo;est reproduit de nombreuses fois j&rsquo;en suis arriv\u00e9 \u00e0 la conclusion suivante :\u00a0Le public vient voir principalement des modes d&rsquo;expression  artistique \u00ab\u00a0traditionnels\u00a0\u00bb, d&rsquo;une certaine fa\u00e7on leur esprit ouvert est donc conditionn\u00e9. Les grands formats associ\u00e9s au rendu tr\u00e8s particulier de la sublimation thermique sur un tissu tr\u00e8s fin jette un trouble, accentu\u00e9 par la mise en image des sujets choisis qui finit de les d\u00e9router. C&rsquo;est l&rsquo;\u00e9motion.<\/p>\n<figure id=\"attachment_517\" aria-describedby=\"caption-attachment-517\" style=\"width: 350px\" class=\"wp-caption alignright\"><a href=\"http:\/\/blognrdb.files.wordpress.com\/2010\/06\/artrue-7112.jpg\"><img loading=\"lazy\" class=\"size-full wp-image-517  \" title=\"ArtRue-7112\" src=\"http:\/\/blognrdb.files.wordpress.com\/2010\/06\/artrue-7112.jpg\" alt=\"\" width=\"350\" height=\"232\" \/><\/a><figcaption id=\"caption-attachment-517\" class=\"wp-caption-text\">Partenariat Agence de Fab, \u00a9NRDB<\/figcaption><\/figure>\n<p>Cela \u00e0 donn\u00e9 lieu \u00e0 des \u00e9changes tr\u00e8s int\u00e9ressant et a confort\u00e9 ma th\u00e9orie des diff\u00e9rents niveaux s\u00e9miologique selon laquelle ; 1\u00b0 physiologiquement, l&rsquo;image doit \u00eatre esth\u00e9tiquement forte pour attraper le regard, 2\u00b0 Elle doit \u00eatre charg\u00e9e de sens, avec plus ou moins de profondeur, pour garder l&rsquo;attention, 3\u00b0 L&rsquo;\u0153il et le cortex lisent, dans un mouvement de va et vient du point n\u00b01 au n\u00b02, et d\u00e9couvrent peu \u00e0 peu l&rsquo;image, 4\u00b0 \u00a0le cerveau d\u00e9code, apporte ses r\u00e9ponses selon sa sensibilit\u00e9 et sa culture, refuse ou accepte&#8230;<\/p>\n<p>Je ne cherche surtout pas \u00e0 imiter la peinture que je respecte trop, en revanche j&rsquo;ai pouss\u00e9 la r\u00e9flexion et ma pratique \u00e0 un point tel que le r\u00e9sultat, qui parfois touche l&rsquo;abstraction, \u00a0en est d\u00e9routant.<\/p>\n<figure id=\"attachment_516\" aria-describedby=\"caption-attachment-516\" style=\"width: 300px\" class=\"wp-caption alignleft\"><a href=\"http:\/\/blognrdb.files.wordpress.com\/2010\/06\/artrue-7108.jpg\"><img loading=\"lazy\" class=\"size-medium wp-image-516\" title=\"ArtRue-7108\" src=\"http:\/\/blognrdb.files.wordpress.com\/2010\/06\/artrue-7108.jpg?w=300\" alt=\"\" width=\"300\" height=\"165\" \/><\/a><figcaption id=\"caption-attachment-516\" class=\"wp-caption-text\">Partenariat CANON, \u00a9NRDB<\/figcaption><\/figure>\n<p>Il en a d&rsquo;autres qui viennent et reviennent, am\u00e8nent des amis, pr\u00e9f\u00e8rent telle ou telle image, affirment leurs choix, d\u00e9battent, c&rsquo;\u00e9tait beaucoup de plaisir.<\/p>\n<p>Et puis les enfants&#8230; particuli\u00e8rement un groupe de quatre ou cinq \u00a0jeunes filles, 6 \u00e0 9 ans probablement, accompagn\u00e9es des \u00ab\u00a0Y faut pas toucher!\u00a0\u00bb parentaux, \u00e0 qui j&rsquo;ai fait les honneurs de mon dossiers. Ribambelles de t\u00eates blondes, sourires lumineux, grands yeux brillants, bonnes remarques pertinentes et spontan\u00e9es. Un bonheur, rien que pour elles \u00e7a valait le coup d&rsquo;\u00eatre l\u00e0.<\/p>\n<p>Cerise sur l&rsquo;expo, quand en fin d&rsquo;apr\u00e8s midi Merc\u00e9d\u00e9s Chamba, Pr\u00e9sidente de L&rsquo;Association des El\u00e8ves et des Anciens Diplom\u00e9s de l&rsquo;Ecole des Beaux Arts de Versailles, m&rsquo;annonce que j&rsquo;ai gagn\u00e9 le prix \u00ab\u00a0<a href=\"http:\/\/www.artcontemporain.com\" target=\"_blank\">ArtContemporain.com<\/a>\u00ab\u00a0.<\/p>\n<p>C&rsquo;\u00e9tait vraiment une belle journ\u00e9e. Merci \u00e0 tous.<\/p>\n<figure id=\"attachment_522\" aria-describedby=\"caption-attachment-522\" style=\"width: 500px\" class=\"wp-caption alignnone\"><a href=\"http:\/\/blognrdb.files.wordpress.com\/2010\/06\/artrue-71251.jpg\"><img loading=\"lazy\" class=\"size-full wp-image-522 \" title=\"ArtRue-7125\" src=\"http:\/\/blognrdb.files.wordpress.com\/2010\/06\/artrue-71251.jpg\" alt=\"\" width=\"500\" height=\"209\" \/><\/a><figcaption id=\"caption-attachment-522\" class=\"wp-caption-text\">Merci au public. \u00a9NRDB<\/figcaption><\/figure>\n","protected":false},"excerpt":{"rendered":"<p>Ce Samedi 12 juin, j&rsquo;\u00e9tais invit\u00e9 \u00e0 participer \u00e0 la 25\u00b0 \u00e9dition de l&rsquo;exposition \u00ab\u00a0Les Artistes dans la rue\u00a0\u00bb organis\u00e9e par l&rsquo;Association des Anciens El\u00e8ves Dipl\u00f4m\u00e9s de l&rsquo;Ecole des Beaux Arts de Versailles. Sur la place Notre Dame, du carr\u00e9 \u00e0 la mar\u00e9e au carr\u00e9 aux herbes, une centaine de stands accueillaient des artistes ; &hellip; <a href=\"https:\/\/sublimatio.com\/blog\/apres-les-champs-la-rue\/\" class=\"more-link\">Continuer la lecture de <span class=\"screen-reader-text\">Apr\u00e8s les champs, la rue&#8230;<\/span> <span class=\"meta-nav\">&rarr;<\/span><\/a><\/p>\n","protected":false},"author":2,"featured_media":0,"comment_status":"open","ping_status":"open","sticky":false,"template":"","format":"standard","meta":[],"categories":[2,3,7],"tags":[13,20,85,86],"_links":{"self":[{"href":"https:\/\/sublimatio.com\/blog\/wp-json\/wp\/v2\/posts\/487"}],"collection":[{"href":"https:\/\/sublimatio.com\/blog\/wp-json\/wp\/v2\/posts"}],"about":[{"href":"https:\/\/sublimatio.com\/blog\/wp-json\/wp\/v2\/types\/post"}],"author":[{"embeddable":true,"href":"https:\/\/sublimatio.com\/blog\/wp-json\/wp\/v2\/users\/2"}],"replies":[{"embeddable":true,"href":"https:\/\/sublimatio.com\/blog\/wp-json\/wp\/v2\/comments?post=487"}],"version-history":[{"count":0,"href":"https:\/\/sublimatio.com\/blog\/wp-json\/wp\/v2\/posts\/487\/revisions"}],"wp:attachment":[{"href":"https:\/\/sublimatio.com\/blog\/wp-json\/wp\/v2\/media?parent=487"}],"wp:term":[{"taxonomy":"category","embeddable":true,"href":"https:\/\/sublimatio.com\/blog\/wp-json\/wp\/v2\/categories?post=487"},{"taxonomy":"post_tag","embeddable":true,"href":"https:\/\/sublimatio.com\/blog\/wp-json\/wp\/v2\/tags?post=487"}],"curies":[{"name":"wp","href":"https:\/\/api.w.org\/{rel}","templated":true}]}}