{"id":511,"date":"2010-06-17T16:53:06","date_gmt":"2010-06-17T14:53:06","guid":{"rendered":"http:\/\/blognrdb.wordpress.com\/?p=511"},"modified":"2015-10-18T10:10:25","modified_gmt":"2015-10-18T09:10:25","slug":"guernica-puissance-des-symboles","status":"publish","type":"post","link":"https:\/\/sublimatio.com\/blog\/guernica-puissance-des-symboles\/","title":{"rendered":"Guernica, puissance des symboles"},"content":{"rendered":"<figure id=\"attachment_538\" aria-describedby=\"caption-attachment-538\" style=\"width: 500px\" class=\"wp-caption alignleft\"><a href=\"http:\/\/blognrdb.files.wordpress.com\/2010\/06\/bilbao-guernicka-2.jpg\"><img loading=\"lazy\" class=\"size-full wp-image-538\" title=\"Bilbao Guernicka-2\" src=\"http:\/\/blognrdb.files.wordpress.com\/2010\/06\/bilbao-guernicka-2-e1276782146148.jpg\" alt=\"\" width=\"500\" height=\"256\" \/><\/a><figcaption id=\"caption-attachment-538\" class=\"wp-caption-text\">Armoiries de la Biscaye au fronton de l&rsquo;ancien parlement de Guernica. \u00a9 NRDB<\/figcaption><\/figure>\n<p><strong>En Euskadi<\/strong>, sur la route d&rsquo;un coin de paradis (je vous en\u00a0parlerai un peu plus tard) se trouve Guernica, theatre du drame historique que l&rsquo;on conna\u00eet. Mais le plus \u00e9tonnant est que ce massacre, simple entra\u00eenement pour la l\u00e9gion condor, devait avoir une valeur de symbole en frappant le berceau de la plus ancienne d\u00e9mocratie europ\u00e9enne. Rat\u00e9, les germaniques barbares ail\u00e9s, venus pr\u00eater main forte \u00e0 la dictature naissante, ont tout d\u00e9truit et leurs \u00e2mes avec. Tout, \u00a0sauf pr\u00e9cis\u00e9ment l&rsquo;ancien parlement basque, symbole de d\u00e9mocratie et de respect de la libert\u00e9,\u00a0et les zones industrielles de la ville&#8230;<\/p>\n<hr \/>\n<p>&nbsp;<\/p>\n<figure id=\"attachment_537\" aria-describedby=\"caption-attachment-537\" style=\"width: 315px\" class=\"wp-caption alignleft\"><a href=\"http:\/\/blognrdb.files.wordpress.com\/2010\/06\/bilbao-guernicka-1.jpg\"><img loading=\"lazy\" class=\"size-full wp-image-537 \" title=\"Bilbao Guernicka-1\" src=\"http:\/\/blognrdb.files.wordpress.com\/2010\/06\/bilbao-guernicka-1.jpg\" alt=\"\" width=\"315\" height=\"210\" \/><\/a><figcaption id=\"caption-attachment-537\" class=\"wp-caption-text\">Le parlement.\u00a9NRDB<\/figcaption><\/figure>\n<p>Cet \u00e9difice,\u00a0a ceci de particulier, il est adoss\u00e9 \u00e0 une \u00e9glise et ne forme qu&rsquo;un seul b\u00e2timent. Les deux fonctions se rejoignent puisque encore aujourd&rsquo;hui, pour toutes les d\u00e9cisions importantes, le parlement s&rsquo;y r\u00e9uni et signe les trait\u00e9s, \u00e0 l&rsquo;ombre du ch\u00eane s\u00e9culaire juste \u00e0 la porte, sous la b\u00e9n\u00e9diction de l&rsquo;\u00e9glise\u00a0; c&rsquo;est sans doute ce qui a d\u00e9vi\u00e9 la b\u00eatise et la haine. Debout au milieu des ruines, la foi et le droit ; \u00a0le pays Basque \u00e9tait bless\u00e9 mais l&rsquo;\u00e2me n&rsquo;\u00e9tait pas morte, braise sous les cendres.<\/p>\n<p>&nbsp;<\/p>\n<p>&nbsp;<\/p>\n<hr \/>\n<figure id=\"attachment_539\" aria-describedby=\"caption-attachment-539\" style=\"width: 139px\" class=\"wp-caption alignleft\"><a href=\"http:\/\/blognrdb.files.wordpress.com\/2010\/06\/bilbao-guernicka-3.jpg\"><img loading=\"lazy\" class=\"size-medium wp-image-539 \" title=\"Bilbao Guernicka-3\" src=\"http:\/\/blognrdb.files.wordpress.com\/2010\/06\/bilbao-guernicka-3.jpg?w=199\" alt=\"\" width=\"139\" height=\"210\" \/><\/a><figcaption id=\"caption-attachment-539\" class=\"wp-caption-text\">Le 3\u00b0 ch\u00eane, .\u00a9NRDB<\/figcaption><\/figure>\n<p>Au milieu d&rsquo;un parc arbor\u00e9, le parlement se visite simplement, on y d\u00e9couvre le tronc du ch\u00eane pr\u00e9c\u00e9dent \u00e9rig\u00e9 en monument et des sculptures monumentales d&rsquo;Henri Moore, le tout incite les passants \u00e0 la m\u00e9ditation&#8230;<\/p>\n<p>Le ch\u00eane agit comme un relais trans-g\u00e9n\u00e9rationnel, le bois du pr\u00e9c\u00e9dent a \u00e9t\u00e9 \u00a0inclus dans une sculpture repr\u00e9sentant cette ic\u00f4ne et plac\u00e9 au dessus du si\u00e8ge du pr\u00e9sident de l&rsquo;assembl\u00e9e dans le nouveau parlement basque \u00e0 Vitoria-Gasteiz.<\/p>\n<p>&nbsp;<\/p>\n<p>&nbsp;<\/p>\n<p>&nbsp;<\/p>\n<p>&nbsp;<\/p>\n<p><img src=\"http:\/\/upload.wikimedia.org\/wikipedia\/fr\/1\/1b\/LogoParlementbasque.gif\" alt=\"\" \/><\/p>\n<hr \/>\n<p>&nbsp;<\/p>\n<p>Replant\u00e9 en 1997, les seigneurs de Biscaye, les rois de Castille et d&rsquo;Espagne puis les lehendakariak (pr\u00e9sidents) de la Communaut\u00e9 autonome du Pays basque, y ont pr\u00eat\u00e9 serment lors de leur prise de fonction, c&rsquo;est \u00e9mouvant de penser que ce lieu reste vivant depuis tant de si\u00e8cle .<\/p>\n<figure id=\"attachment_543\" aria-describedby=\"caption-attachment-543\" style=\"width: 351px\" class=\"wp-caption alignright\"><a href=\"http:\/\/blognrdb.files.wordpress.com\/2010\/06\/bilbao-guernicka-7-e1276784852989.jpg\"><img loading=\"lazy\" class=\"size-full wp-image-543 \" title=\"Bilbao Guernicka-7\" src=\"http:\/\/blognrdb.files.wordpress.com\/2010\/06\/bilbao-guernicka-7-e1276784852989.jpg\" alt=\"\" width=\"351\" height=\"195\" \/><\/a><figcaption id=\"caption-attachment-543\" class=\"wp-caption-text\">Le Ch\u00eane actuel<\/figcaption><\/figure>\n<dl>\n<dd>Formule protocolaire pour pr\u00eater serment :<\/dd>\n<dd>\u00ab\u00a0Humili\u00e9 devant Dieu<br \/>\ndebout sur la terre basque<br \/>\nsous l&rsquo;arbre de Guernica<br \/>\ndevant vous<br \/>\nrepr\u00e9sentants du peuple<br \/>\nen souvenir des anc\u00eatres<br \/>\nje jure d&rsquo;accomplir fid\u00e8lement ma mission\u00a0\u00bb<\/dd>\n<\/dl>\n<p>&nbsp;<\/p>\n<hr \/>\n<dl>\n<dd>\n<figure id=\"attachment_541\" aria-describedby=\"caption-attachment-541\" style=\"width: 400px\" class=\"wp-caption aligncenter\"><a href=\"http:\/\/blognrdb.files.wordpress.com\/2010\/06\/bilbao-guernicka-5-e1276785393333.jpg\"><img loading=\"lazy\" class=\"size-full wp-image-541 \" title=\"Bilbao Guernicka-5\" src=\"http:\/\/blognrdb.files.wordpress.com\/2010\/06\/bilbao-guernicka-5-e1276785393333.jpg\" alt=\"\" width=\"400\" height=\"217\" \/><\/a><figcaption id=\"caption-attachment-541\" class=\"wp-caption-text\">La salle de l&rsquo;ancien parlement. \u00a9NRDB<\/figcaption><\/figure><\/p>\n<hr \/>\n<\/dd>\n<dd><\/dd>\n<\/dl>\n<figure id=\"attachment_547\" aria-describedby=\"caption-attachment-547\" style=\"width: 320px\" class=\"wp-caption aligncenter\"><a href=\"http:\/\/blognrdb.files.wordpress.com\/2010\/06\/bilbao-guernicka-12.jpg\"><img loading=\"lazy\" class=\"size-full wp-image-547 \" title=\"Bilbao Guernicka-12\" src=\"http:\/\/blognrdb.files.wordpress.com\/2010\/06\/bilbao-guernicka-12.jpg\" alt=\"\" width=\"320\" height=\"213\" \/><\/a><figcaption id=\"caption-attachment-547\" class=\"wp-caption-text\">Henri Moore. \u00a9NRDB<\/figcaption><\/figure>\n","protected":false},"excerpt":{"rendered":"<p>En Euskadi, sur la route d&rsquo;un coin de paradis (je vous en\u00a0parlerai un peu plus tard) se trouve Guernica, theatre du drame historique que l&rsquo;on conna\u00eet. Mais le plus \u00e9tonnant est que ce massacre, simple entra\u00eenement pour la l\u00e9gion condor, devait avoir une valeur de symbole en frappant le berceau de la plus ancienne d\u00e9mocratie &hellip; <a href=\"https:\/\/sublimatio.com\/blog\/guernica-puissance-des-symboles\/\" class=\"more-link\">Continuer la lecture de <span class=\"screen-reader-text\">Guernica, puissance des symboles<\/span> <span class=\"meta-nav\">&rarr;<\/span><\/a><\/p>\n","protected":false},"author":2,"featured_media":0,"comment_status":"open","ping_status":"open","sticky":false,"template":"","format":"standard","meta":[],"categories":[7],"tags":[],"_links":{"self":[{"href":"https:\/\/sublimatio.com\/blog\/wp-json\/wp\/v2\/posts\/511"}],"collection":[{"href":"https:\/\/sublimatio.com\/blog\/wp-json\/wp\/v2\/posts"}],"about":[{"href":"https:\/\/sublimatio.com\/blog\/wp-json\/wp\/v2\/types\/post"}],"author":[{"embeddable":true,"href":"https:\/\/sublimatio.com\/blog\/wp-json\/wp\/v2\/users\/2"}],"replies":[{"embeddable":true,"href":"https:\/\/sublimatio.com\/blog\/wp-json\/wp\/v2\/comments?post=511"}],"version-history":[{"count":4,"href":"https:\/\/sublimatio.com\/blog\/wp-json\/wp\/v2\/posts\/511\/revisions"}],"predecessor-version":[{"id":645,"href":"https:\/\/sublimatio.com\/blog\/wp-json\/wp\/v2\/posts\/511\/revisions\/645"}],"wp:attachment":[{"href":"https:\/\/sublimatio.com\/blog\/wp-json\/wp\/v2\/media?parent=511"}],"wp:term":[{"taxonomy":"category","embeddable":true,"href":"https:\/\/sublimatio.com\/blog\/wp-json\/wp\/v2\/categories?post=511"},{"taxonomy":"post_tag","embeddable":true,"href":"https:\/\/sublimatio.com\/blog\/wp-json\/wp\/v2\/tags?post=511"}],"curies":[{"name":"wp","href":"https:\/\/api.w.org\/{rel}","templated":true}]}}