{"id":567,"date":"2010-10-27T19:42:09","date_gmt":"2010-10-27T17:42:09","guid":{"rendered":"http:\/\/blognrdb.wordpress.com\/?p=567"},"modified":"2010-10-27T19:42:09","modified_gmt":"2010-10-27T17:42:09","slug":"souvenir-de-corot","status":"publish","type":"post","link":"https:\/\/sublimatio.com\/blog\/souvenir-de-corot\/","title":{"rendered":"Souvenir de Corot"},"content":{"rendered":"<figure id=\"attachment_568\" aria-describedby=\"caption-attachment-568\" style=\"width: 291px\" class=\"wp-caption alignleft\"><a href=\"http:\/\/blognrdb.files.wordpress.com\/2010\/10\/image-30.png\"><img loading=\"lazy\" class=\"size-medium wp-image-568\" title=\"Souvenir de Corot\" src=\"http:\/\/blognrdb.files.wordpress.com\/2010\/10\/image-30.png?w=291\" alt=\"\" width=\"291\" height=\"300\" \/><\/a><figcaption id=\"caption-attachment-568\" class=\"wp-caption-text\">Souvenir de Corot, Hommage \u00e0 Jacqueline Marval<\/figcaption><\/figure>\n<p>Le v\u00e9g\u00e9tal est de retour. Invit\u00e9 modestement aux cot\u00e9s de Jacqueline Marval par les artistes de l&rsquo;<a href=\"http:\/\/www.souvenirdecorot.com\/\">Association du Souvenir\u00a0de Corot<\/a> \u00e0 Viroflay. J&rsquo;y pr\u00e9senterai un triptyque sur le th\u00e8me des Promesses.<\/p>\n<p>Les 70 artistes du Salon, peintres et sculpteurs, entourent <a href=\"http:\/\/web.me.com\/nrdb1\/galweb\/jacqueline_marval\/jacqueline_marval.html\" target=\"_self\">Jacqueline Marval<\/a> dans un vibrant hommage \u00e0 celle reste l&rsquo;\u00e9g\u00e9rie picturale oubli\u00e9e des ann\u00e9es folles. Contemporaine et amie des grands artistes du d\u00e9but XX\u00b0, sa vie \u00e9tonnante l&rsquo;a amen\u00e9e \u00e0 c\u00f4toyer la grande soci\u00e9t\u00e9 de son temps dont ses \u00ab\u00a0Portrait Society\u00a0\u00bb nous laisse une trace lumineuse pleine d &lsquo;\u00e9motion et fra\u00eeche \u00e0 l&rsquo;instar de ses bouquets qui jamais ne se faneront.<\/p>\n<p>Un grand merci \u00e0 la <a href=\"http:\/\/www.galeriethomire.com\" target=\"_blank\">Galerie Thomire<\/a> qui a entrepris d&rsquo;en r\u00e9aliser le catalogue raisonn\u00e9 et a d\u00e9j\u00e0 publi\u00e9 sa biographie, que son auteur, Fran\u00e7ois Roussier d\u00e9dicacera \u00e0 l&rsquo;occasion de l&rsquo;inauguration le 4 novembre.<\/p>\n<p><strong>59\u00b0 Souvenir de Corot<\/strong> du 30 octobre au 21 novembre \u00e0 l&rsquo;Ecu de France \u00a076 av du G\u00e9n\u00e9ral Leclerc 78220 Viroflay tousles jours de 14h \u00e0 19h<\/p>\n","protected":false},"excerpt":{"rendered":"<p>Le v\u00e9g\u00e9tal est de retour. Invit\u00e9 modestement aux cot\u00e9s de Jacqueline Marval par les artistes de l&rsquo;Association du Souvenir\u00a0de Corot \u00e0 Viroflay. J&rsquo;y pr\u00e9senterai un triptyque sur le th\u00e8me des Promesses. Les 70 artistes du Salon, peintres et sculpteurs, entourent Jacqueline Marval dans un vibrant hommage \u00e0 celle reste l&rsquo;\u00e9g\u00e9rie picturale oubli\u00e9e des ann\u00e9es folles. &hellip; <a href=\"https:\/\/sublimatio.com\/blog\/souvenir-de-corot\/\" class=\"more-link\">Continuer la lecture de <span class=\"screen-reader-text\">Souvenir de Corot<\/span> <span class=\"meta-nav\">&rarr;<\/span><\/a><\/p>\n","protected":false},"author":2,"featured_media":0,"comment_status":"open","ping_status":"open","sticky":false,"template":"","format":"standard","meta":[],"categories":[2],"tags":[],"_links":{"self":[{"href":"https:\/\/sublimatio.com\/blog\/wp-json\/wp\/v2\/posts\/567"}],"collection":[{"href":"https:\/\/sublimatio.com\/blog\/wp-json\/wp\/v2\/posts"}],"about":[{"href":"https:\/\/sublimatio.com\/blog\/wp-json\/wp\/v2\/types\/post"}],"author":[{"embeddable":true,"href":"https:\/\/sublimatio.com\/blog\/wp-json\/wp\/v2\/users\/2"}],"replies":[{"embeddable":true,"href":"https:\/\/sublimatio.com\/blog\/wp-json\/wp\/v2\/comments?post=567"}],"version-history":[{"count":0,"href":"https:\/\/sublimatio.com\/blog\/wp-json\/wp\/v2\/posts\/567\/revisions"}],"wp:attachment":[{"href":"https:\/\/sublimatio.com\/blog\/wp-json\/wp\/v2\/media?parent=567"}],"wp:term":[{"taxonomy":"category","embeddable":true,"href":"https:\/\/sublimatio.com\/blog\/wp-json\/wp\/v2\/categories?post=567"},{"taxonomy":"post_tag","embeddable":true,"href":"https:\/\/sublimatio.com\/blog\/wp-json\/wp\/v2\/tags?post=567"}],"curies":[{"name":"wp","href":"https:\/\/api.w.org\/{rel}","templated":true}]}}