{"id":580,"date":"2011-05-13T19:09:59","date_gmt":"2011-05-13T17:09:59","guid":{"rendered":"http:\/\/blognrdb.wordpress.com\/?p=580"},"modified":"2011-05-13T19:09:59","modified_gmt":"2011-05-13T17:09:59","slug":"le-vegetal-sublime-hommage-au-jardin-botanique-de-lyon","status":"publish","type":"post","link":"https:\/\/sublimatio.com\/blog\/le-vegetal-sublime-hommage-au-jardin-botanique-de-lyon\/","title":{"rendered":"Le V\u00e9g\u00e9tal Sublim\u00e9, Hommage au Jardin Botanique de Lyon"},"content":{"rendered":"<p><a href=\"http:\/\/blognrdb.files.wordpress.com\/2011\/05\/tibouchina-060430-46.jpg\"><img loading=\"lazy\" class=\"alignleft size-full wp-image-581\" title=\"Tribute to Franquin 1\" src=\"http:\/\/blognrdb.files.wordpress.com\/2011\/05\/tibouchina-060430-46.jpg\" alt=\"\" width=\"400\" height=\"322\" \/><\/a>Le temps file vite. depuis l&rsquo;exposition au Fouquet&rsquo;s en mai dernier, il s&rsquo;en est pass\u00e9e de choses.<\/p>\n<p>D&rsquo;abord, un retour aux Champs gr\u00e2ce au m\u00e9c\u00e9nat de <strong>LCL en ville<\/strong>, qui accueille encore l&rsquo;exposition dans son agence du <strong>55 avenue des Champs Elys\u00e9es, Paris 8\u00b0<\/strong>, n&rsquo;h\u00e9sitez pas \u00e0 y aller, c&rsquo;est ouvert au public. Vous pourrez voir les images qui m&rsquo;ont ouvert la porte d&rsquo;un jardin extraordinaire, le <strong>Jardin Botanique de Lyon <\/strong>au<strong> Parc de la T\u00eate d&rsquo;Or<\/strong>.<\/p>\n<p>Le <strong>travail en r\u00e9sidence<\/strong> que j&rsquo;y r\u00e9alise depuis le 1\u00b0 janvier sera expos\u00e9 du <strong>18 octobre au 5 janvier<\/strong> dans l&rsquo;Orangerie du Parc. En coh\u00e9rence avec la r\u00e9sidence, j&rsquo;installerai l&rsquo;atelier du photographe dans l&rsquo;exposition. Ainsi le public pourra voir le processus de cr\u00e9ation s&rsquo;accomplir ; prise de vues, post production, impression grand format (100&#215;150). Je me ferai un plaisir de r\u00e9pondre aux questions. Mais de pr\u00e9f\u00e9rence \u00e0 pourquoi qu&rsquo;\u00e0 comment. \ud83d\ude09 .<\/p>\n<p>De nouveaux partenaires m&rsquo;ont rejoint, <a title=\"Western Digital\" href=\"http:\/\/www.wdc.com\" target=\"_blank\">Western Digital<\/a> qui fourni les solutions de sauvegarde, les papiers <a title=\"Hahnem\u00fchle Fine Art Paper\" href=\"http:\/\/www.hahnemuehle.com\" target=\"_blank\">Hahnem\u00fclhe<\/a> et les Autoroutes Paris Rhin Rh\u00f4ne qui ouvrent leurs espaces pour soutenir le travail de cr\u00e9ation. Je vous en parlerai plus en d\u00e9tail bient\u00f4t.<\/p>\n<p>En haut \u00e0 gauche j&rsquo;ai le plaisir de vous pr\u00e9senter Tibouchina, petite fleur fragile d&rsquo;am\u00e9rique du sud, la premi\u00e8re image r\u00e9alis\u00e9e au Jardin.<\/p>\n","protected":false},"excerpt":{"rendered":"<p>Le temps file vite. depuis l&rsquo;exposition au Fouquet&rsquo;s en mai dernier, il s&rsquo;en est pass\u00e9e de choses. D&rsquo;abord, un retour aux Champs gr\u00e2ce au m\u00e9c\u00e9nat de LCL en ville, qui accueille encore l&rsquo;exposition dans son agence du 55 avenue des Champs Elys\u00e9es, Paris 8\u00b0, n&rsquo;h\u00e9sitez pas \u00e0 y aller, c&rsquo;est ouvert au public. Vous pourrez &hellip; <a href=\"https:\/\/sublimatio.com\/blog\/le-vegetal-sublime-hommage-au-jardin-botanique-de-lyon\/\" class=\"more-link\">Continuer la lecture de <span class=\"screen-reader-text\">Le V\u00e9g\u00e9tal Sublim\u00e9, Hommage au Jardin Botanique de Lyon<\/span> <span class=\"meta-nav\">&rarr;<\/span><\/a><\/p>\n","protected":false},"author":2,"featured_media":0,"comment_status":"open","ping_status":"open","sticky":false,"template":"","format":"standard","meta":[],"categories":[2,3],"tags":[],"_links":{"self":[{"href":"https:\/\/sublimatio.com\/blog\/wp-json\/wp\/v2\/posts\/580"}],"collection":[{"href":"https:\/\/sublimatio.com\/blog\/wp-json\/wp\/v2\/posts"}],"about":[{"href":"https:\/\/sublimatio.com\/blog\/wp-json\/wp\/v2\/types\/post"}],"author":[{"embeddable":true,"href":"https:\/\/sublimatio.com\/blog\/wp-json\/wp\/v2\/users\/2"}],"replies":[{"embeddable":true,"href":"https:\/\/sublimatio.com\/blog\/wp-json\/wp\/v2\/comments?post=580"}],"version-history":[{"count":0,"href":"https:\/\/sublimatio.com\/blog\/wp-json\/wp\/v2\/posts\/580\/revisions"}],"wp:attachment":[{"href":"https:\/\/sublimatio.com\/blog\/wp-json\/wp\/v2\/media?parent=580"}],"wp:term":[{"taxonomy":"category","embeddable":true,"href":"https:\/\/sublimatio.com\/blog\/wp-json\/wp\/v2\/categories?post=580"},{"taxonomy":"post_tag","embeddable":true,"href":"https:\/\/sublimatio.com\/blog\/wp-json\/wp\/v2\/tags?post=580"}],"curies":[{"name":"wp","href":"https:\/\/api.w.org\/{rel}","templated":true}]}}