{"id":600,"date":"2011-09-26T15:27:40","date_gmt":"2011-09-26T13:27:40","guid":{"rendered":"http:\/\/blognrdb.wordpress.com\/?p=600"},"modified":"2015-02-01T12:53:20","modified_gmt":"2015-02-01T11:53:20","slug":"interview-jean-philippe-delmotte-prismaflex-partenaire-de-lexposition","status":"publish","type":"post","link":"https:\/\/sublimatio.com\/blog\/interview-jean-philippe-delmotte-prismaflex-partenaire-de-lexposition\/","title":{"rendered":"Interview\u00a0: Jean-Philippe DELMOTTE, PRISMAFLEX, partenaire de l\u2019exposition"},"content":{"rendered":"<figure id=\"attachment_632\" aria-describedby=\"caption-attachment-632\" style=\"width: 600px\" class=\"wp-caption aligncenter\"><img loading=\"lazy\" class=\"wp-image-632 size-full\" title=\"Equipe Scenolia\" src=\"http:\/\/sublimatio.com\/blog\/wp-content\/uploads\/prismaflex_600x259.jpg\" alt=\"De g \u00e0 d : Jean-Philippe Delmotte (Dir. G\u00e9n\u00e9ral), Nathalie Audrain (Aste. marketing), Pierre Sioli (Dir. Artistique) et Olivier Albert (Dir. Commercial)\" width=\"600\" height=\"259\" srcset=\"https:\/\/sublimatio.com\/blog\/wp-content\/uploads\/prismaflex_600x259.jpg 600w, https:\/\/sublimatio.com\/blog\/wp-content\/uploads\/prismaflex_600x259-300x130.jpg 300w\" sizes=\"(max-width: 600px) 100vw, 600px\" \/><figcaption id=\"caption-attachment-632\" class=\"wp-caption-text\">De g \u00e0 d : Jean-Philippe Delmotte (Dir. G\u00e9n\u00e9ral), Nathalie Audrain (Aste. marketing), Pierre Sioli (Dir. Artistique) et Olivier Albert (Dir. Commercial)<\/figcaption><\/figure>\n<p><em>\u00a0J\u2019ai rencontr\u00e9 le groupe PRISMAFLEX en 2006, \u00e0 l\u2019occasion du lancement de sa marque \u00ab Scenolia \u00bb, lors de la cr\u00e9ation de leurs gammes de supports imprim\u00e9s pour la d\u00e9coration int\u00e9rieure et ext\u00e9rieure de l\u2019habitat.<\/em><br \/>\n<em>Pierre Sioli, son Directeur Artistique, recherchait \u00e0 l\u2019\u00e9poque des artistes, des photographes, des designers pour constituer un fond iconographique et travailler sur ses collections.<\/em><br \/>\n<em>Par mon travail de commande, j\u2019ai donc particip\u00e9 \u00e0 la naissance d\u2019une marque !<\/em><br \/>\n<em>D\u2019ann\u00e9e en ann\u00e9e, nous avons \u00e9volu\u00e9 ensemble dans la recherche de nouvelles approches cr\u00e9atrices d\u2019\u00e9motions visuelles, \u00ab d\u2019instants captur\u00e9s \u00bb, et des liens amicaux se sont tiss\u00e9s\u2026<\/em><\/p>\n<h6>Jean-Philippe, du \u00ab V\u00e9g\u00e9tal sublim\u00e9 \u00bb \u00e0 la \u00ab Sublimation \u00bb, il y a des points communs\u2026<\/h6>\n<p>En effet, car au-del\u00e0 du jeu de mots, c\u2019est un v\u00e9ritable engagement dans le D\u00e9veloppement Durable et le respect de notre environnement que nous avons pris depuis quelques ann\u00e9es d\u00e9j\u00e0 au sein du groupe.<\/p>\n<p>Notre contribution en tant que partenaire \u00e0 votre projet (avant premi\u00e8re sur les aires d\u2019autoroute de Beaune et Villefranche s\/Sa\u00f4ne au cours de l\u2019\u00e9t\u00e9, et l&rsquo;exposition en elle m\u00eame qui se tiendra \u00e0 l\u2019Orangerie du Parc de la T\u00eate d&rsquo;Or) s\u2019est r\u00e9v\u00e9l\u00e9e une \u00e9vidence, car nous lan\u00e7ons cet automne\u2026 la Sublimation !<\/p>\n<p>C&rsquo;est un proc\u00e9d\u00e9 d&rsquo;impression sur tissus (la sublimation thermique pr\u00e9cis\u00e9ment) dont la qualit\u00e9 et la p\u00e9rennit\u00e9\u00a0 (\u00e0 l&rsquo;int\u00e9rieur) rejoignent les crit\u00e8res li\u00e9s aux \u0153uvres d&rsquo;arts graphiques.<\/p>\n<h6>Cet engagement pour le D\u00e9veloppement Durable, c\u2019est donc une conviction profonde ?<\/h6>\n<p>Oui, et je dois dire que l\u2019implantation de nos sites de production au c\u0153ur des Monts du Lyonnais nous y a tout naturellement pr\u00e9dispos\u00e9s&#8230;(sourire) !<\/p>\n<p>Nos clients y sont de plus en plus sensibles, et m\u00eame demandeurs.<\/p>\n<p>Nous avons d\u00e9j\u00e0 mis en place plusieurs mesures dans ce sens : nous d\u00e9veloppons en permanence des technologies moins impactantes sur l\u2019environnement comme par exemple\u00a0 des mati\u00e8res recyclables et plus l\u00e9g\u00e8res, des encres aqueuses\u2026<\/p>\n<p>Nous sommes \u00e9galement membres du r\u00e9seau de collecte et de recyclage Texyloop pour les b\u00e2ches PVC. Et notre d\u00e9marche va m\u00eame plus loin, car nous proposons \u00e0 nos clients des services de collecte sur les lieux d\u2019affichage et de tri s\u00e9lectif.<\/p>\n<p>Nous avons tout r\u00e9cemment sign\u00e9 un partenariat avec une jeune soci\u00e9t\u00e9 fran\u00e7aise, cr\u00e9atrice du premier film photovolta\u00efque transparent au monde pour d\u00e9velopper les premiers panneaux d\u2019affichage publicitaires totalement autonomes \u00e9nergiquement.<\/p>\n<p>Notre objectif fort pour 2011 : obtenir la certification ISO 14001 avant la fin de l\u2019ann\u00e9e !<\/p>\n<h6>Concr\u00e8tement, quelles seront les applications de la sublimation pour vos produits ?<\/h6>\n<p>Nous utilisons des supports textiles, offrant des touch\u00e9s diff\u00e9rents, qui conviennent aussi bien pour la communication des entreprises et des annonceurs, que pour la d\u00e9coration de l\u2019habitat. Les encres, sp\u00e9cialement d\u00e9velopp\u00e9es par notre fabricant, offrent une durabilit\u00e9 exceptionnelle de 2 ans \u00e0 l\u2019ext\u00e9rieur.<\/p>\n<p>Tout cela ouvre de nouvelles voies de d\u00e9veloppement pour Prismaflex et Scenolia, car nous avons organis\u00e9 une capacit\u00e9 industrielle sp\u00e9cifiquement d\u00e9di\u00e9e \u00e0 cette technologie (une imprimante en 3 m\u00e8tres technologie sublimation aqueuse et une calandre laminateur en 3,20 m).<\/p>\n<p>Nous pouvons par exemple imaginer une nouvelle gamme textile pour l\u2019un de nos produits phares : nos brise-vues JARDIMAGE, ou encore pour nos Tableaux d\u2019ext\u00e9rieur lanc\u00e9s au printemps\u2026mais aussi des innovations exclusives, tout est permis.<\/p>\n<p>Cela laisse entrevoir encore de belles ann\u00e9es de collaboration mutuelle (sourire) !<\/p>\n<h6>Entre le travail artistique pur en \u00e9dition tr\u00e8s limit\u00e9e et vos productions industrielles,\u00a0 n&rsquo;y a-t-il pas antinomie ?<\/h6>\n<p>Non pas du tout, le soutien \u00e0 votre projet, comme d&rsquo;autres d&rsquo;ailleurs dans le domaine graphique, se veut une d\u00e9monstration de la pertinence de nos choix artistiques et des relations privil\u00e9gi\u00e9es que nous entretenons avec la cr\u00e9ation en g\u00e9n\u00e9ral. Le travail de commande que nous vous demandons n&rsquo;a rien \u00e0 voir avec vos recherches personnelles, que vous imprimez ind\u00e9pendamment selon les crit\u00e8res de la Digigraphie\u00ae, mais bien s\u00fbr il b\u00e9n\u00e9ficie de votre expertise artistique et nous sommes convaincus que cela apporte une plus value ind\u00e9niable \u00e0 nos produits. Notre apport consiste en une mise en application de nos savoir-faire pour la communication ext\u00e9rieure.<\/p>\n<p>Notre action vis \u00e0 vis des artistes est comparable \u00e0 celle de toute entreprise en R&amp;D. La cr\u00e9ation artistique est un espace de libert\u00e9 qu&rsquo;il faut soutenir car c&rsquo;est de ce creuset que germe l&rsquo;avenir.<\/p>\n<p>Merci Jean-Philippe !<\/p>\n<h6>Quelques informations compl\u00e9mentaires sur le groupe PRISMAFLEX :<\/h6>\n<p>Fabricant de panneaux publicitaires et imprimeur num\u00e9rique grand format, 300 salari\u00e9s dans le monde, 10 implantations internationales, 120 pays couverts.<\/p>\n<p>Une \u00e9quipe R &amp; D et Bureau d\u2019\u00e9tudes de 20 personnes. Membre du r\u00e9seau de collecte et de recyclage Texyloop. Certification ISO 14001 en cours.<\/p>\n","protected":false},"excerpt":{"rendered":"<p>\u00a0J\u2019ai rencontr\u00e9 le groupe PRISMAFLEX en 2006, \u00e0 l\u2019occasion du lancement de sa marque \u00ab Scenolia \u00bb, lors de la cr\u00e9ation de leurs gammes de supports imprim\u00e9s pour la d\u00e9coration int\u00e9rieure et ext\u00e9rieure de l\u2019habitat. Pierre Sioli, son Directeur Artistique, recherchait \u00e0 l\u2019\u00e9poque des artistes, des photographes, des designers pour constituer un fond iconographique et &hellip; <a href=\"https:\/\/sublimatio.com\/blog\/interview-jean-philippe-delmotte-prismaflex-partenaire-de-lexposition\/\" class=\"more-link\">Continuer la lecture de <span class=\"screen-reader-text\">Interview\u00a0: Jean-Philippe DELMOTTE, PRISMAFLEX, partenaire de l\u2019exposition<\/span> <span class=\"meta-nav\">&rarr;<\/span><\/a><\/p>\n","protected":false},"author":2,"featured_media":0,"comment_status":"open","ping_status":"open","sticky":false,"template":"","format":"standard","meta":[],"categories":[2,5,8],"tags":[],"_links":{"self":[{"href":"https:\/\/sublimatio.com\/blog\/wp-json\/wp\/v2\/posts\/600"}],"collection":[{"href":"https:\/\/sublimatio.com\/blog\/wp-json\/wp\/v2\/posts"}],"about":[{"href":"https:\/\/sublimatio.com\/blog\/wp-json\/wp\/v2\/types\/post"}],"author":[{"embeddable":true,"href":"https:\/\/sublimatio.com\/blog\/wp-json\/wp\/v2\/users\/2"}],"replies":[{"embeddable":true,"href":"https:\/\/sublimatio.com\/blog\/wp-json\/wp\/v2\/comments?post=600"}],"version-history":[{"count":9,"href":"https:\/\/sublimatio.com\/blog\/wp-json\/wp\/v2\/posts\/600\/revisions"}],"predecessor-version":[{"id":636,"href":"https:\/\/sublimatio.com\/blog\/wp-json\/wp\/v2\/posts\/600\/revisions\/636"}],"wp:attachment":[{"href":"https:\/\/sublimatio.com\/blog\/wp-json\/wp\/v2\/media?parent=600"}],"wp:term":[{"taxonomy":"category","embeddable":true,"href":"https:\/\/sublimatio.com\/blog\/wp-json\/wp\/v2\/categories?post=600"},{"taxonomy":"post_tag","embeddable":true,"href":"https:\/\/sublimatio.com\/blog\/wp-json\/wp\/v2\/tags?post=600"}],"curies":[{"name":"wp","href":"https:\/\/api.w.org\/{rel}","templated":true}]}}