{"id":76,"date":"2010-05-05T09:16:15","date_gmt":"2010-05-05T08:16:15","guid":{"rendered":"http:\/\/blognrdb.wordpress.com\/?p=76"},"modified":"2010-05-05T09:16:15","modified_gmt":"2010-05-05T08:16:15","slug":"portrait-etienne-gue-az-diffusion","status":"publish","type":"post","link":"https:\/\/sublimatio.com\/blog\/portrait-etienne-gue-az-diffusion\/","title":{"rendered":"Interview : Etienne Gu\u00e9, AZ Diffusion"},"content":{"rendered":"<p><a href=\"http:\/\/blognrdb.files.wordpress.com\/2010\/05\/etienne_gue_az_diffusion-web.jpg\"><img loading=\"lazy\" class=\"aligncenter size-full wp-image-77\" title=\"Etienne_Gu\u00e9_AZ_Diffusion-web\" src=\"http:\/\/blognrdb.files.wordpress.com\/2010\/05\/etienne_gue_az_diffusion-web.jpg\" alt=\"\" width=\"500\" height=\"326\" srcset=\"https:\/\/sublimatio.com\/blog\/wp-content\/uploads\/etienne_gue_az_diffusion-web.jpg 595w, https:\/\/sublimatio.com\/blog\/wp-content\/uploads\/etienne_gue_az_diffusion-web-300x195.jpg 300w\" sizes=\"(max-width: 500px) 100vw, 500px\" \/><\/a><strong>Etienne Gu\u00e9,<\/strong> <a href=\"http:\/\/www.azdiffusion.fr\/\">d&rsquo;AZ Diffusion<\/a>, \u00a0<strong>est l&rsquo;un des partenaires de mon expo du 25 mai au Fouquet&rsquo;s.<br \/>\nMerci Etienne d&rsquo;avoir r\u00e9pondu \u00e0 mes questions !<\/strong><\/p>\n<p><strong>Etienne, explique-nous en quelques mots l\u2019histoire de\u00a0ton entreprise ?<\/strong><br \/>\nAu d\u00e9but, c\u2019est une passion pour la sonorisation, puis quelques exp\u00e9riences positives en \u00e9v\u00e9nementiel m\u2019ont donn\u00e9 l\u2019id\u00e9e de cr\u00e9er AZ Diffusion. D\u2019un \u00e9v\u00e9nement \u00e0 l\u2019autre, depuis 25 ans, nous fournissons toutes les prestations techniques associ\u00e9 \u00e0 la location de mat\u00e9riel audiovisuel. Nous disposons \u00e0 Boulogne d\u2019un parc de mat\u00e9riel d\u2019\u00e9clairage, de sonorisation et de vid\u00e9o (captation et retransmission en directe sur vid\u00e9oprojecteur ou \u00e9cran plasma) disponible pour tout type d\u2019\u00e9v\u00e9nement. Nous proposons \u00e9galement des prestations de conseil pour tous les besoins li\u00e9s \u00e0 notre activit\u00e9 de prestataire dans l\u2019\u00e9v\u00e8nementiel et m\u00eame de mise en lumi\u00e8re pour des expositions dans les mus\u00e9es.<\/p>\n<p><strong>Tu\u00a0fais partie du <a href=\"http:\/\/www.reseau-image.com\/\">R\u00e9seau de l\u2019Image<\/a> qui pr\u00f4ne des valeurs li\u00e9es au\u00a0D\u00e9veloppement Durable\u00a0et \u00e0 la RSE (Responsabilit\u00e9 Soci\u00e9tale et Environnementale). Comment cela est-il v\u00e9cu au quotidien dans\u00a0ton entreprise ?<br \/>\n<\/strong>Notre activit\u00e9 est tr\u00e8s peu impactante en termes de d\u00e9chets.\u00a0Cependant, nous sensibilisons nos personnels salari\u00e9s et intermittents aux bonnes pratiques environnementales sur trois axes :<br \/>\n&#8211; Le tri et la\u00a0r\u00e9cup\u00e9ration de nos d\u00e9chets, notamment les piles dont nous sommes gros consommateurs. Nous avons mis en place un processus de test des capacit\u00e9s, apr\u00e8s chaque retour afin de les utiliser au maximum sans prendre de risque pour la qualit\u00e9 des prestations.<br \/>\n&#8211; Le conseil aupr\u00e8s de nos clients afin d\u2019utiliser le minimum de mat\u00e9riel pour un r\u00e9sultat optimal. Cela a pour cons\u00e9quences de diminuer le d\u00e9placement de mat\u00e9riel inutile, d\u2019\u00e9conomiser l\u2019\u00e9nergie et de r\u00e9duire la note des clients.<br \/>\n&#8211; Le renouvellement de notre parc de mat\u00e9riel, ax\u00e9 sur l\u2019\u00e9clairage \u00e0 base de LED, beaucoup moins gourmand en \u00e9nergie pour une meilleure efficacit\u00e9.<br \/>\nConcernant\u00a0la RSE, nous sommes stricts sur l\u2019application des r\u00e8gles. A titre d\u2019exemple,\u00a0 m\u00eame pour une heure, notre personnel est d\u00e9clar\u00e9. C\u2019est une responsabilit\u00e9 vis \u00e0 vis de nos clients, de nos salari\u00e9s et au final de la soci\u00e9t\u00e9.<\/p>\n<p><strong>Qu&rsquo;est-ce qui t&rsquo;a donn\u00e9 envie d&rsquo;\u00eatre mon partenaire pour cette expo ?<br \/>\n<\/strong>Nous sommes tous deux membres du R\u00e9seau de l\u2019Image, partageons les m\u00eames valeurs, et appr\u00e9cions les synergies qui peuvent se cr\u00e9er entre les membres.<br \/>\nConcernant plus pr\u00e9cis\u00e9ment\u00a0ton travail artistique, j\u2019appr\u00e9cie ce\u00a0 que tu arrives \u00e0 mettre en \u00e9vidence dans tes oeuvres. Il m&rsquo;a donc sembl\u00e9 naturel de\u00a0te donner un coup de main pour cette exposition !\u00a0 Au total, nous sommes quatre membres\u00a0du r\u00e9seau \u00e0\u00a0t&rsquo;avoir rejoint, plus les autres qui se font le relais de cet \u00e9v\u00e9nement, c\u2019est tr\u00e8s sympathique et cela promet une belle soir\u00e9e !<\/p>\n","protected":false},"excerpt":{"rendered":"<p>Etienne Gu\u00e9, d&rsquo;AZ Diffusion, \u00a0est l&rsquo;un des partenaires de mon expo du 25 mai au Fouquet&rsquo;s. Merci Etienne d&rsquo;avoir r\u00e9pondu \u00e0 mes questions ! Etienne, explique-nous en quelques mots l\u2019histoire de\u00a0ton entreprise ? Au d\u00e9but, c\u2019est une passion pour la sonorisation, puis quelques exp\u00e9riences positives en \u00e9v\u00e9nementiel m\u2019ont donn\u00e9 l\u2019id\u00e9e de cr\u00e9er AZ Diffusion. D\u2019un &hellip; <a href=\"https:\/\/sublimatio.com\/blog\/portrait-etienne-gue-az-diffusion\/\" class=\"more-link\">Continuer la lecture de <span class=\"screen-reader-text\">Interview : Etienne Gu\u00e9, AZ Diffusion<\/span> <span class=\"meta-nav\">&rarr;<\/span><\/a><\/p>\n","protected":false},"author":2,"featured_media":0,"comment_status":"open","ping_status":"open","sticky":false,"template":"","format":"standard","meta":[],"categories":[5,6],"tags":[18,37,72],"_links":{"self":[{"href":"https:\/\/sublimatio.com\/blog\/wp-json\/wp\/v2\/posts\/76"}],"collection":[{"href":"https:\/\/sublimatio.com\/blog\/wp-json\/wp\/v2\/posts"}],"about":[{"href":"https:\/\/sublimatio.com\/blog\/wp-json\/wp\/v2\/types\/post"}],"author":[{"embeddable":true,"href":"https:\/\/sublimatio.com\/blog\/wp-json\/wp\/v2\/users\/2"}],"replies":[{"embeddable":true,"href":"https:\/\/sublimatio.com\/blog\/wp-json\/wp\/v2\/comments?post=76"}],"version-history":[{"count":0,"href":"https:\/\/sublimatio.com\/blog\/wp-json\/wp\/v2\/posts\/76\/revisions"}],"wp:attachment":[{"href":"https:\/\/sublimatio.com\/blog\/wp-json\/wp\/v2\/media?parent=76"}],"wp:term":[{"taxonomy":"category","embeddable":true,"href":"https:\/\/sublimatio.com\/blog\/wp-json\/wp\/v2\/categories?post=76"},{"taxonomy":"post_tag","embeddable":true,"href":"https:\/\/sublimatio.com\/blog\/wp-json\/wp\/v2\/tags?post=76"}],"curies":[{"name":"wp","href":"https:\/\/api.w.org\/{rel}","templated":true}]}}