{"id":92,"date":"2010-05-07T09:03:16","date_gmt":"2010-05-07T08:03:16","guid":{"rendered":"http:\/\/blognrdb.wordpress.com\/?p=92"},"modified":"2010-05-07T09:03:16","modified_gmt":"2010-05-07T08:03:16","slug":"chronique-du-pere","status":"publish","type":"post","link":"https:\/\/sublimatio.com\/blog\/chronique-du-pere\/","title":{"rendered":"Chronique du P\u00e8re"},"content":{"rendered":"<p><a href=\"http:\/\/blognrdb.files.wordpress.com\/2010\/05\/nigel-de-damas.jpg\"><img loading=\"lazy\" class=\"alignright size-medium wp-image-94\" title=\"Nigel de Damas\" src=\"http:\/\/blognrdb.files.wordpress.com\/2010\/05\/nigel-de-damas.jpg?w=300\" alt=\"\" width=\"300\" height=\"228\" srcset=\"https:\/\/sublimatio.com\/blog\/wp-content\/uploads\/nigel-de-damas.jpg 567w, https:\/\/sublimatio.com\/blog\/wp-content\/uploads\/nigel-de-damas-300x228.jpg 300w\" sizes=\"(max-width: 300px) 100vw, 300px\" \/><\/a>Mon p\u00e8re, dans les ann\u00e9es trente, explorait le Sahara.<\/p>\n<p>Un matin, alors qu&rsquo;il avait plu dans la nuit, fait exceptionnel dans le d\u00e9sert, son ordonnance l&rsquo;accueille pour le petit d\u00e9jeuner \u00a0avec un large sourire : \u00ab\u00a0<em>Regarde, le d\u00e9sert est tout vert<\/em> !\u00a0\u00bb \u00a0<br \/>\nMon p\u00e8re, d&rsquo;un regard circulaire, ne voit aucun changement par rapport aux jours pr\u00e9c\u00e9dents.<br \/>\nDu soleil d\u00e9j\u00e0 fort, ou du d\u00eener un peu arros\u00e9 \u00a0la veille, lequel serait la cause de \u00ab\u00a0l&rsquo;\u00e9blouissement\u00a0\u00bb son ordonnance, commence-t-il\u00a0\u00e0 penser ?\u00a0<br \/>\n&#8211; \u00ab\u00a0<em>Mais si, regarde, penche toi, regarde, c&rsquo;est tout vert !\u00a0\u00bb<\/em>&#8230;<br \/>\nEffectivement, la t\u00eate \u00e0 ras du sol, le d\u00e9sert \u00e9tait tout vert jusqu&rsquo;\u00e0 l&rsquo;horizon.\u00a0R\u00e9miniscence du temps o\u00f9 le Sahara \u00e9tait une savane.<\/p>\n<p>C&rsquo;\u00e9tait une question de point de vue. Et c&rsquo;est toujours une question de point de vue.<\/p>\n<p>Cette histoire me revient chaque fois que je regarde l&rsquo;image de la Nigel de Damas, fleur s\u00e9ch\u00e9e. Je pense \u00e0 ces graines rapport\u00e9es de l&rsquo;exp\u00e9dition de Napol\u00e9on en Egypte, qui, retrouv\u00e9es r\u00e9cemment et plant\u00e9es, ont donn\u00e9 \u00e0 nouveau. Le vie \u00e9tait l\u00e0, enfouie dans les herbiers ou dans les sables, elle attend.<\/p>\n","protected":false},"excerpt":{"rendered":"<p>Mon p\u00e8re, dans les ann\u00e9es trente, explorait le Sahara. Un matin, alors qu&rsquo;il avait plu dans la nuit, fait exceptionnel dans le d\u00e9sert, son ordonnance l&rsquo;accueille pour le petit d\u00e9jeuner \u00a0avec un large sourire : \u00ab\u00a0Regarde, le d\u00e9sert est tout vert !\u00a0\u00bb \u00a0 Mon p\u00e8re, d&rsquo;un regard circulaire, ne voit aucun changement par rapport aux &hellip; <a href=\"https:\/\/sublimatio.com\/blog\/chronique-du-pere\/\" class=\"more-link\">Continuer la lecture de <span class=\"screen-reader-text\">Chronique du P\u00e8re<\/span> <span class=\"meta-nav\">&rarr;<\/span><\/a><\/p>\n","protected":false},"author":2,"featured_media":0,"comment_status":"open","ping_status":"open","sticky":false,"template":"","format":"standard","meta":[],"categories":[9],"tags":[70,87],"_links":{"self":[{"href":"https:\/\/sublimatio.com\/blog\/wp-json\/wp\/v2\/posts\/92"}],"collection":[{"href":"https:\/\/sublimatio.com\/blog\/wp-json\/wp\/v2\/posts"}],"about":[{"href":"https:\/\/sublimatio.com\/blog\/wp-json\/wp\/v2\/types\/post"}],"author":[{"embeddable":true,"href":"https:\/\/sublimatio.com\/blog\/wp-json\/wp\/v2\/users\/2"}],"replies":[{"embeddable":true,"href":"https:\/\/sublimatio.com\/blog\/wp-json\/wp\/v2\/comments?post=92"}],"version-history":[{"count":0,"href":"https:\/\/sublimatio.com\/blog\/wp-json\/wp\/v2\/posts\/92\/revisions"}],"wp:attachment":[{"href":"https:\/\/sublimatio.com\/blog\/wp-json\/wp\/v2\/media?parent=92"}],"wp:term":[{"taxonomy":"category","embeddable":true,"href":"https:\/\/sublimatio.com\/blog\/wp-json\/wp\/v2\/categories?post=92"},{"taxonomy":"post_tag","embeddable":true,"href":"https:\/\/sublimatio.com\/blog\/wp-json\/wp\/v2\/tags?post=92"}],"curies":[{"name":"wp","href":"https:\/\/api.w.org\/{rel}","templated":true}]}}